{"id":98593,"date":"2020-11-17T14:10:33","date_gmt":"2020-11-17T17:10:33","guid":{"rendered":"http:\/\/www.gentedebasquet.com.ar\/?p=98593"},"modified":"2020-11-17T14:10:33","modified_gmt":"2020-11-17T17:10:33","slug":"dos-positivos-en-bahia-basket","status":"publish","type":"post","link":"https:\/\/gentedebasquet.com.ar\/sitio\/2020\/11\/17\/dos-positivos-en-bahia-basket\/","title":{"rendered":"Dos positivos en Bah\u00eda Basket"},"content":{"rendered":"<p><strong>Bah\u00eda Basket, integrante de la zona Sur de la Liga Nacional de B\u00e1squetbol, inform\u00f3 este mediod\u00eda que dos de los componentes de su plantel est\u00e1n contagiados de coronavirus.<\/strong><\/p>\n<p><strong>Mediante un comunicado difundido en sus redes sociales, la organizaci\u00f3n comunic\u00f3 que los testeos PCR realizados al escolta Federico El\u00edas (21 a\u00f1os) y al alero Fausto Ruesga (20) arrojaron \u201cresultado positivo en COVID-19\u201d.<\/strong><\/p>\n<p><strong>De esta manera, los dos jugadores pertenecientes al equipo \u201cpermanecer\u00e1n aislados\u201d y cumpliendo con los protocolos correspondientes a este tipo de casos.<\/strong><\/p>\n<p>Del mismo modo, el base tresarroyense Ferm\u00edn Thygesen (22) estar\u00e1 aislado a manera precautoria, por \u201ctener v\u00ednculos estrechos\u201d con los contagiados. Lo mismo ocurrir\u00e1 con el kinesi\u00f3logo Clemente Ann\u00edbali.<\/p>\n<p>Bah\u00eda Basket, \u00faltimo en la clasificaci\u00f3n zonal con un registro 0-4, deb\u00eda jugar en la noche del lunes ante Pe\u00f1arol de Mar del Plata (3-1), pero el encuentro ser\u00e1 reprogramado para un futuro.<\/p>\n<blockquote class=\"twitter-tweet\">\n<p dir=\"ltr\" lang=\"es\"><a href=\"https:\/\/twitter.com\/hashtag\/LNB?src=hash&amp;ref_src=twsrc%5Etfw\">#LNB<\/a> Los dos jugadores bahienses se encuentran bien, dentro del cuadro. Lo peor ya pas\u00f3 y hoy ambos amanecieron bien; incluso, con ganas de jugar m\u00e1s all\u00e1 de que \u2014obviamente\u2014 permanecer\u00e1n aislados y controlados. <a href=\"https:\/\/t.co\/V8H8GHDM10\">https:\/\/t.co\/V8H8GHDM10<\/a><\/p>\n<p>\u2014 Mauro Gustavo Giovannini (@MGGiova) <a href=\"https:\/\/twitter.com\/MGGiova\/status\/1328744114305839104?ref_src=twsrc%5Etfw\">November 17, 2020<\/a><\/p><\/blockquote>\n<p><script async src=\"https:\/\/platform.twitter.com\/widgets.js\" charset=\"utf-8\"><\/script><\/p>\n<p>En ese sentido, <a href=\"http:\/\/www.gentedebasquet.com.ar\/lnb-2020-21-bahia-basket\/\" target=\"_blank\" rel=\"noopener\">el pr\u00f3ximo cotejo pautado<\/a> para el elenco de Mart\u00edn Luis, Laura Cors y Augusto Meneses ser\u00e1 ma\u00f1ana mi\u00e9rcoles a las 11 horas, ante Pe\u00f1arol de Mar del Plata (3-1), por la quinta fecha de la Conferencia Sur. El cotejo debi\u00f3 ser reprogramado en dos ocasiones.<\/p>\n<p>Por lo tanto, Bah\u00eda tendr\u00e1 tres compromisos consecutivos, todos a las 11 de la ma\u00f1ana, siguiendo el jueves ante Argentino de Jun\u00edn (1-3), y el viernes, contra Hispano (2-3).<\/p>\n<p><strong>Fuente:<\/strong> Bah\u00eda Basket y T\u00e9lam.<\/p>\n<p><strong>Foto:<\/strong> Marcelo Endelli (LNB).<\/p>\n","protected":false},"excerpt":{"rendered":"<p>El equipo bahiense jugar\u00e1 ma\u00f1ana mi\u00e9rcoles por la Liga Nacional<\/p>\n","protected":false},"author":1,"featured_media":98531,"comment_status":"closed","ping_status":"open","sticky":false,"template":"","format":"standard","meta":{"jnews-multi-image_gallery":[],"jnews_single_post":[],"jnews_primary_category":[],"footnotes":""},"categories":[57,43,39,101],"tags":[58,1782,1142,1085,1078,78],"class_list":["post-98593","post","type-post","status-publish","format-standard","has-post-thumbnail","hentry","category-bahia-basket","category-la-liga","category-nacional","category-slide","tag-bahiabasket","tag-coronavirus","tag-fausto-ruesga","tag-federico-elias","tag-liga-nacional","tag-lnb"],"yoast_head":"<!-- This site is optimized with the Yoast SEO plugin v27.5 - https:\/\/yoast.com\/product\/yoast-seo-wordpress\/ -->\n<title>Dos positivos en Bah\u00eda Basket - Gente de B\u00e1squet<\/title>\n<meta name=\"robots\" content=\"index, follow, max-snippet:-1, max-image-preview:large, max-video-preview:-1\" \/>\n<link rel=\"canonical\" href=\"https:\/\/gentedebasquet.com.ar\/sitio\/2020\/11\/17\/dos-positivos-en-bahia-basket\/\" \/>\n<meta property=\"og:locale\" content=\"es_ES\" \/>\n<meta property=\"og:type\" content=\"article\" \/>\n<meta property=\"og:title\" content=\"Dos positivos en Bah\u00eda Basket - Gente de B\u00e1squet\" \/>\n<meta property=\"og:description\" content=\"El equipo bahiense jugar\u00e1 ma\u00f1ana mi\u00e9rcoles por la Liga Nacional\" \/>\n<meta property=\"og:url\" content=\"https:\/\/gentedebasquet.com.ar\/sitio\/2020\/11\/17\/dos-positivos-en-bahia-basket\/\" \/>\n<meta property=\"og:site_name\" content=\"Gente de B\u00e1squet\" \/>\n<meta property=\"article:published_time\" content=\"2020-11-17T17:10:33+00:00\" \/>\n<meta property=\"og:image\" content=\"https:\/\/gentedebasquet.com.ar\/sitio\/wp-content\/uploads\/2020\/11\/Elias-Bahia-Basket-Ferro.jpg\" \/>\n\t<meta property=\"og:image:width\" content=\"690\" \/>\n\t<meta property=\"og:image:height\" content=\"319\" \/>\n\t<meta property=\"og:image:type\" content=\"image\/jpeg\" \/>\n<meta name=\"author\" content=\"Gente de B\u00e1squet\" \/>\n<meta name=\"twitter:card\" content=\"summary_large_image\" \/>\n<meta name=\"twitter:label1\" content=\"Escrito por\" \/>\n\t<meta name=\"twitter:data1\" content=\"Gente de B\u00e1squet\" \/>\n\t<meta name=\"twitter:label2\" content=\"Tiempo de lectura\" \/>\n\t<meta name=\"twitter:data2\" content=\"1 minuto\" \/>\n<script type=\"application\/ld+json\" class=\"yoast-schema-graph\">{\"@context\":\"https:\\\/\\\/schema.org\",\"@graph\":[{\"@type\":\"Article\",\"@id\":\"https:\\\/\\\/gentedebasquet.com.ar\\\/sitio\\\/2020\\\/11\\\/17\\\/dos-positivos-en-bahia-basket\\\/#article\",\"isPartOf\":{\"@id\":\"https:\\\/\\\/gentedebasquet.com.ar\\\/sitio\\\/2020\\\/11\\\/17\\\/dos-positivos-en-bahia-basket\\\/\"},\"author\":{\"name\":\"Gente de B\u00e1squet\",\"@id\":\"https:\\\/\\\/gentedebasquet.com.ar\\\/sitio\\\/#\\\/schema\\\/person\\\/ca0b63bbb977369988a7bbbdc519943a\"},\"headline\":\"Dos positivos en Bah\u00eda Basket\",\"datePublished\":\"2020-11-17T17:10:33+00:00\",\"mainEntityOfPage\":{\"@id\":\"https:\\\/\\\/gentedebasquet.com.ar\\\/sitio\\\/2020\\\/11\\\/17\\\/dos-positivos-en-bahia-basket\\\/\"},\"wordCount\":305,\"image\":{\"@id\":\"https:\\\/\\\/gentedebasquet.com.ar\\\/sitio\\\/2020\\\/11\\\/17\\\/dos-positivos-en-bahia-basket\\\/#primaryimage\"},\"thumbnailUrl\":\"https:\\\/\\\/gentedebasquet.com.ar\\\/sitio\\\/wp-content\\\/uploads\\\/2020\\\/11\\\/Elias-Bahia-Basket-Ferro.jpg\",\"keywords\":[\"Bah\u00eda Basket\",\"Coronavirus\",\"Fausto Ruesga\",\"Federico El\u00edas\",\"liga nacional\",\"LNB\"],\"articleSection\":[\"Bah\u00eda Basket\",\"Liga Nacional\",\"Nacional\",\"Slide\"],\"inLanguage\":\"es\"},{\"@type\":\"WebPage\",\"@id\":\"https:\\\/\\\/gentedebasquet.com.ar\\\/sitio\\\/2020\\\/11\\\/17\\\/dos-positivos-en-bahia-basket\\\/\",\"url\":\"https:\\\/\\\/gentedebasquet.com.ar\\\/sitio\\\/2020\\\/11\\\/17\\\/dos-positivos-en-bahia-basket\\\/\",\"name\":\"Dos positivos en Bah\u00eda Basket - Gente de B\u00e1squet\",\"isPartOf\":{\"@id\":\"https:\\\/\\\/gentedebasquet.com.ar\\\/sitio\\\/#website\"},\"primaryImageOfPage\":{\"@id\":\"https:\\\/\\\/gentedebasquet.com.ar\\\/sitio\\\/2020\\\/11\\\/17\\\/dos-positivos-en-bahia-basket\\\/#primaryimage\"},\"image\":{\"@id\":\"https:\\\/\\\/gentedebasquet.com.ar\\\/sitio\\\/2020\\\/11\\\/17\\\/dos-positivos-en-bahia-basket\\\/#primaryimage\"},\"thumbnailUrl\":\"https:\\\/\\\/gentedebasquet.com.ar\\\/sitio\\\/wp-content\\\/uploads\\\/2020\\\/11\\\/Elias-Bahia-Basket-Ferro.jpg\",\"datePublished\":\"2020-11-17T17:10:33+00:00\",\"author\":{\"@id\":\"https:\\\/\\\/gentedebasquet.com.ar\\\/sitio\\\/#\\\/schema\\\/person\\\/ca0b63bbb977369988a7bbbdc519943a\"},\"breadcrumb\":{\"@id\":\"https:\\\/\\\/gentedebasquet.com.ar\\\/sitio\\\/2020\\\/11\\\/17\\\/dos-positivos-en-bahia-basket\\\/#breadcrumb\"},\"inLanguage\":\"es\",\"potentialAction\":[{\"@type\":\"ReadAction\",\"target\":[\"https:\\\/\\\/gentedebasquet.com.ar\\\/sitio\\\/2020\\\/11\\\/17\\\/dos-positivos-en-bahia-basket\\\/\"]}]},{\"@type\":\"ImageObject\",\"inLanguage\":\"es\",\"@id\":\"https:\\\/\\\/gentedebasquet.com.ar\\\/sitio\\\/2020\\\/11\\\/17\\\/dos-positivos-en-bahia-basket\\\/#primaryimage\",\"url\":\"https:\\\/\\\/gentedebasquet.com.ar\\\/sitio\\\/wp-content\\\/uploads\\\/2020\\\/11\\\/Elias-Bahia-Basket-Ferro.jpg\",\"contentUrl\":\"https:\\\/\\\/gentedebasquet.com.ar\\\/sitio\\\/wp-content\\\/uploads\\\/2020\\\/11\\\/Elias-Bahia-Basket-Ferro.jpg\",\"width\":690,\"height\":319},{\"@type\":\"BreadcrumbList\",\"@id\":\"https:\\\/\\\/gentedebasquet.com.ar\\\/sitio\\\/2020\\\/11\\\/17\\\/dos-positivos-en-bahia-basket\\\/#breadcrumb\",\"itemListElement\":[{\"@type\":\"ListItem\",\"position\":1,\"name\":\"Portada\",\"item\":\"https:\\\/\\\/gentedebasquet.com.ar\\\/sitio\\\/\"},{\"@type\":\"ListItem\",\"position\":2,\"name\":\"Dos positivos en Bah\u00eda Basket\"}]},{\"@type\":\"WebSite\",\"@id\":\"https:\\\/\\\/gentedebasquet.com.ar\\\/sitio\\\/#website\",\"url\":\"https:\\\/\\\/gentedebasquet.com.ar\\\/sitio\\\/\",\"name\":\"Gente de B\u00e1squet\",\"description\":\"La revista del basquet de Bah\u00eda Blanca\",\"potentialAction\":[{\"@type\":\"SearchAction\",\"target\":{\"@type\":\"EntryPoint\",\"urlTemplate\":\"https:\\\/\\\/gentedebasquet.com.ar\\\/sitio\\\/?s={search_term_string}\"},\"query-input\":{\"@type\":\"PropertyValueSpecification\",\"valueRequired\":true,\"valueName\":\"search_term_string\"}}],\"inLanguage\":\"es\"},{\"@type\":\"Person\",\"@id\":\"https:\\\/\\\/gentedebasquet.com.ar\\\/sitio\\\/#\\\/schema\\\/person\\\/ca0b63bbb977369988a7bbbdc519943a\",\"name\":\"Gente de B\u00e1squet\",\"image\":{\"@type\":\"ImageObject\",\"inLanguage\":\"es\",\"@id\":\"https:\\\/\\\/secure.gravatar.com\\\/avatar\\\/7f2c48bdc33b30088f941fb6082e555f2874c98e20cb159d7b92b50eadfce793?s=96&d=mm&r=g\",\"url\":\"https:\\\/\\\/secure.gravatar.com\\\/avatar\\\/7f2c48bdc33b30088f941fb6082e555f2874c98e20cb159d7b92b50eadfce793?s=96&d=mm&r=g\",\"contentUrl\":\"https:\\\/\\\/secure.gravatar.com\\\/avatar\\\/7f2c48bdc33b30088f941fb6082e555f2874c98e20cb159d7b92b50eadfce793?s=96&d=mm&r=g\",\"caption\":\"Gente de B\u00e1squet\"},\"sameAs\":[\"http:\\\/\\\/gentedebasquet.com.ar\\\/sitio\"],\"url\":\"https:\\\/\\\/gentedebasquet.com.ar\\\/sitio\\\/author\\\/ulises\\\/\"}]}<\/script>\n<!-- \/ Yoast SEO plugin. -->","yoast_head_json":{"title":"Dos positivos en Bah\u00eda Basket - Gente de B\u00e1squet","robots":{"index":"index","follow":"follow","max-snippet":"max-snippet:-1","max-image-preview":"max-image-preview:large","max-video-preview":"max-video-preview:-1"},"canonical":"https:\/\/gentedebasquet.com.ar\/sitio\/2020\/11\/17\/dos-positivos-en-bahia-basket\/","og_locale":"es_ES","og_type":"article","og_title":"Dos positivos en Bah\u00eda Basket - Gente de B\u00e1squet","og_description":"El equipo bahiense jugar\u00e1 ma\u00f1ana mi\u00e9rcoles por la Liga Nacional","og_url":"https:\/\/gentedebasquet.com.ar\/sitio\/2020\/11\/17\/dos-positivos-en-bahia-basket\/","og_site_name":"Gente de B\u00e1squet","article_published_time":"2020-11-17T17:10:33+00:00","og_image":[{"width":690,"height":319,"url":"https:\/\/gentedebasquet.com.ar\/sitio\/wp-content\/uploads\/2020\/11\/Elias-Bahia-Basket-Ferro.jpg","type":"image\/jpeg"}],"author":"Gente de B\u00e1squet","twitter_card":"summary_large_image","twitter_misc":{"Escrito por":"Gente de B\u00e1squet","Tiempo de lectura":"1 minuto"},"schema":{"@context":"https:\/\/schema.org","@graph":[{"@type":"Article","@id":"https:\/\/gentedebasquet.com.ar\/sitio\/2020\/11\/17\/dos-positivos-en-bahia-basket\/#article","isPartOf":{"@id":"https:\/\/gentedebasquet.com.ar\/sitio\/2020\/11\/17\/dos-positivos-en-bahia-basket\/"},"author":{"name":"Gente de B\u00e1squet","@id":"https:\/\/gentedebasquet.com.ar\/sitio\/#\/schema\/person\/ca0b63bbb977369988a7bbbdc519943a"},"headline":"Dos positivos en Bah\u00eda Basket","datePublished":"2020-11-17T17:10:33+00:00","mainEntityOfPage":{"@id":"https:\/\/gentedebasquet.com.ar\/sitio\/2020\/11\/17\/dos-positivos-en-bahia-basket\/"},"wordCount":305,"image":{"@id":"https:\/\/gentedebasquet.com.ar\/sitio\/2020\/11\/17\/dos-positivos-en-bahia-basket\/#primaryimage"},"thumbnailUrl":"https:\/\/gentedebasquet.com.ar\/sitio\/wp-content\/uploads\/2020\/11\/Elias-Bahia-Basket-Ferro.jpg","keywords":["Bah\u00eda Basket","Coronavirus","Fausto Ruesga","Federico El\u00edas","liga nacional","LNB"],"articleSection":["Bah\u00eda Basket","Liga Nacional","Nacional","Slide"],"inLanguage":"es"},{"@type":"WebPage","@id":"https:\/\/gentedebasquet.com.ar\/sitio\/2020\/11\/17\/dos-positivos-en-bahia-basket\/","url":"https:\/\/gentedebasquet.com.ar\/sitio\/2020\/11\/17\/dos-positivos-en-bahia-basket\/","name":"Dos positivos en Bah\u00eda Basket - Gente de B\u00e1squet","isPartOf":{"@id":"https:\/\/gentedebasquet.com.ar\/sitio\/#website"},"primaryImageOfPage":{"@id":"https:\/\/gentedebasquet.com.ar\/sitio\/2020\/11\/17\/dos-positivos-en-bahia-basket\/#primaryimage"},"image":{"@id":"https:\/\/gentedebasquet.com.ar\/sitio\/2020\/11\/17\/dos-positivos-en-bahia-basket\/#primaryimage"},"thumbnailUrl":"https:\/\/gentedebasquet.com.ar\/sitio\/wp-content\/uploads\/2020\/11\/Elias-Bahia-Basket-Ferro.jpg","datePublished":"2020-11-17T17:10:33+00:00","author":{"@id":"https:\/\/gentedebasquet.com.ar\/sitio\/#\/schema\/person\/ca0b63bbb977369988a7bbbdc519943a"},"breadcrumb":{"@id":"https:\/\/gentedebasquet.com.ar\/sitio\/2020\/11\/17\/dos-positivos-en-bahia-basket\/#breadcrumb"},"inLanguage":"es","potentialAction":[{"@type":"ReadAction","target":["https:\/\/gentedebasquet.com.ar\/sitio\/2020\/11\/17\/dos-positivos-en-bahia-basket\/"]}]},{"@type":"ImageObject","inLanguage":"es","@id":"https:\/\/gentedebasquet.com.ar\/sitio\/2020\/11\/17\/dos-positivos-en-bahia-basket\/#primaryimage","url":"https:\/\/gentedebasquet.com.ar\/sitio\/wp-content\/uploads\/2020\/11\/Elias-Bahia-Basket-Ferro.jpg","contentUrl":"https:\/\/gentedebasquet.com.ar\/sitio\/wp-content\/uploads\/2020\/11\/Elias-Bahia-Basket-Ferro.jpg","width":690,"height":319},{"@type":"BreadcrumbList","@id":"https:\/\/gentedebasquet.com.ar\/sitio\/2020\/11\/17\/dos-positivos-en-bahia-basket\/#breadcrumb","itemListElement":[{"@type":"ListItem","position":1,"name":"Portada","item":"https:\/\/gentedebasquet.com.ar\/sitio\/"},{"@type":"ListItem","position":2,"name":"Dos positivos en Bah\u00eda Basket"}]},{"@type":"WebSite","@id":"https:\/\/gentedebasquet.com.ar\/sitio\/#website","url":"https:\/\/gentedebasquet.com.ar\/sitio\/","name":"Gente de B\u00e1squet","description":"La revista del basquet de Bah\u00eda Blanca","potentialAction":[{"@type":"SearchAction","target":{"@type":"EntryPoint","urlTemplate":"https:\/\/gentedebasquet.com.ar\/sitio\/?s={search_term_string}"},"query-input":{"@type":"PropertyValueSpecification","valueRequired":true,"valueName":"search_term_string"}}],"inLanguage":"es"},{"@type":"Person","@id":"https:\/\/gentedebasquet.com.ar\/sitio\/#\/schema\/person\/ca0b63bbb977369988a7bbbdc519943a","name":"Gente de B\u00e1squet","image":{"@type":"ImageObject","inLanguage":"es","@id":"https:\/\/secure.gravatar.com\/avatar\/7f2c48bdc33b30088f941fb6082e555f2874c98e20cb159d7b92b50eadfce793?s=96&d=mm&r=g","url":"https:\/\/secure.gravatar.com\/avatar\/7f2c48bdc33b30088f941fb6082e555f2874c98e20cb159d7b92b50eadfce793?s=96&d=mm&r=g","contentUrl":"https:\/\/secure.gravatar.com\/avatar\/7f2c48bdc33b30088f941fb6082e555f2874c98e20cb159d7b92b50eadfce793?s=96&d=mm&r=g","caption":"Gente de B\u00e1squet"},"sameAs":["http:\/\/gentedebasquet.com.ar\/sitio"],"url":"https:\/\/gentedebasquet.com.ar\/sitio\/author\/ulises\/"}]}},"_links":{"self":[{"href":"https:\/\/gentedebasquet.com.ar\/sitio\/wp-json\/wp\/v2\/posts\/98593","targetHints":{"allow":["GET"]}}],"collection":[{"href":"https:\/\/gentedebasquet.com.ar\/sitio\/wp-json\/wp\/v2\/posts"}],"about":[{"href":"https:\/\/gentedebasquet.com.ar\/sitio\/wp-json\/wp\/v2\/types\/post"}],"author":[{"embeddable":true,"href":"https:\/\/gentedebasquet.com.ar\/sitio\/wp-json\/wp\/v2\/users\/1"}],"replies":[{"embeddable":true,"href":"https:\/\/gentedebasquet.com.ar\/sitio\/wp-json\/wp\/v2\/comments?post=98593"}],"version-history":[{"count":0,"href":"https:\/\/gentedebasquet.com.ar\/sitio\/wp-json\/wp\/v2\/posts\/98593\/revisions"}],"wp:featuredmedia":[{"embeddable":true,"href":"https:\/\/gentedebasquet.com.ar\/sitio\/wp-json\/wp\/v2\/media\/98531"}],"wp:attachment":[{"href":"https:\/\/gentedebasquet.com.ar\/sitio\/wp-json\/wp\/v2\/media?parent=98593"}],"wp:term":[{"taxonomy":"category","embeddable":true,"href":"https:\/\/gentedebasquet.com.ar\/sitio\/wp-json\/wp\/v2\/categories?post=98593"},{"taxonomy":"post_tag","embeddable":true,"href":"https:\/\/gentedebasquet.com.ar\/sitio\/wp-json\/wp\/v2\/tags?post=98593"}],"curies":[{"name":"wp","href":"https:\/\/api.w.org\/{rel}","templated":true}]}}