{"id":98886,"date":"2021-02-03T14:37:04","date_gmt":"2021-02-03T17:37:04","guid":{"rendered":"http:\/\/www.gentedebasquet.com.ar\/?p=98886"},"modified":"2021-02-03T14:37:04","modified_gmt":"2021-02-03T17:37:04","slug":"los-gran-dts","status":"publish","type":"post","link":"https:\/\/gentedebasquet.com.ar\/sitio\/2021\/02\/03\/los-gran-dts\/","title":{"rendered":"Los Gran DTs"},"content":{"rendered":"<p><strong>Los entrenadores de la ciudad tomaron la sart\u00e9n por el mango y elaboraron un plan de acci\u00f3n para lograr la vuelta del b\u00e1squetbol local. Hay esperanzas de poder jugar en Primera, Segunda y Femenino.<\/strong><\/p>\n<p>&nbsp;<\/p>\n<p><img decoding=\"async\" class=\"aligncenter size-full wp-image-98676\" src=\"http:\/\/www.gentedebasquet.com.ar\/wp-content\/uploads\/2020\/12\/A2020interior.gif\" alt=\"\" width=\"300\" height=\"250\" \/><\/p>\n<p>&nbsp;<\/p>\n<p>No todo est\u00e1 perdido de cara al 2021 en el \u00e1mbito de la Asocaci\u00f3n Bahiense de B\u00e1squetbol. <strong>Luego de nuestra nota del lunes acerca del contrapunto entre dirigencia y jugadores<\/strong>, un estamento no menos importante tom\u00f3 la palabra.<\/p>\n<p>El <strong>Centro de Entrenadores de B\u00e1squet<\/strong> de Bah\u00eda Blanca, en la voz de su mesa chica integrada por <strong>Federico Iriburo<\/strong>, <strong>Mauro Polla<\/strong> y <strong>Gast\u00f3n Fern\u00e1ndez<\/strong>, lider\u00f3 la iniciativa y tras un par de reuniones (una masiva entre pares, la otra privada con el presidente de la ABB), <strong>encendi\u00f3 la ilusi\u00f3n<\/strong> del regreso a las canchas.<\/p>\n<p>&nbsp;<\/p>\n<p><img decoding=\"async\" class=\"aligncenter size-full wp-image-98677\" src=\"http:\/\/www.gentedebasquet.com.ar\/wp-content\/uploads\/2020\/12\/B2020interior.gif\" alt=\"\" width=\"300\" height=\"250\" \/><\/p>\n<p>&nbsp;<\/p>\n<p>\u00abLas reuniones fueron muy positivas. Mostramos nuestro inter\u00e9s en trabajar para poder jugar este a\u00f1o, y notamos lo mismo de todas las partes involucradas\u00bb, reconoci\u00f3 <strong>Mauro Polla<\/strong>. \u00abAhora <strong>dependemos de una habilitaci\u00f3n municipal y provincial<\/strong> que nos d\u00e9 el okey, y desde el CEB nos pusimos a disposici\u00f3n para formar parte de la soluci\u00f3n, ya sea presentando alg\u00fan formato de disputa de torneos, o dando una mano con los protocolos que sean necesarios\u00bb, avis\u00f3 el coach de Leandro N. Alem.<\/p>\n<p>&nbsp;<\/p>\n<p><img decoding=\"async\" class=\"aligncenter size-full wp-image-98678\" src=\"http:\/\/www.gentedebasquet.com.ar\/wp-content\/uploads\/2020\/12\/C2020interior.gif\" alt=\"\" width=\"300\" height=\"250\" \/><\/p>\n<p>&nbsp;<\/p>\n<p>La cuesti\u00f3n clave para el inicio en Primera, Segunda y Femenino es un \u00edtem fundamental como el de <strong>los hisopados, cuyo costo por partido se convierte en imposible de afrontar para los clubes locales<\/strong>. La propuesta es dejarlos de lado por un tema econ\u00f3mico, ya que se considera que forma parte de las obligaciones necesarias para las ligas profesionales. En su reemplazo, se incluir\u00edan <strong>declaraciones juradas de cada protagonista de los partidos, jugar en escenarios que puedan ser ventilados, obligaci\u00f3n de aislamiento del equipo completo en caso de un infectado<\/strong>, entre otras pautas a conversar.<\/p>\n<p>&nbsp;<\/p>\n<p><a href=\"http:\/\/www.gentedebasquet.com.ar\/wp-content\/uploads\/2021\/01\/Papasidero-marmoler\u00eda.jpg\"><img decoding=\"async\" class=\"size-medium wp-image-98835 aligncenter\" src=\"http:\/\/www.gentedebasquet.com.ar\/wp-content\/uploads\/2021\/01\/Papasidero-marmoler\u00eda-300x250.jpg\" alt=\"\" width=\"300\" height=\"250\" \/><\/a><\/p>\n<p><strong>Federico Iriburo<\/strong>, presidente del CEB, se mostr\u00f3 entusiasmado tras las \u00faltimas reuniones. \u00ab<strong>La idea es jugar todo lo que podamos mientras podamos<\/strong>, y de acuerdo a c\u00f3mo se desarrolle la pandemia, vacunas y dem\u00e1s. Lo primero que quer\u00edamos es poder entrar a las canchas, nos hac\u00eda ruido que hubiera entrenadores que no pod\u00edan empezar a trabajar hasta que no hubiese fecha de inicio\u00bb, le dijo a <strong><em>Gente de B\u00e1squet.<\/em><\/strong><\/p>\n<p>Los DTs dieron el paso al frente. \u00a1Grandes!<\/p>\n<p>&nbsp;<\/p>\n","protected":false},"excerpt":{"rendered":"<p>Los entrenadores de la ciudad tomaron la sart\u00e9n por el mango y elaboraron un plan de acci\u00f3n para lograr la vuelta del b\u00e1squetbol local. Hay esperanzas de poder jugar en Primera, Segunda y Femenino. &nbsp; &nbsp; No todo est\u00e1 perdido de cara al 2021 en el \u00e1mbito de la Asocaci\u00f3n Bahiense de B\u00e1squetbol. Luego de [&hellip;]<\/p>\n","protected":false},"author":1,"featured_media":97960,"comment_status":"closed","ping_status":"open","sticky":false,"template":"","format":"standard","meta":{"jnews-multi-image_gallery":[],"jnews_single_post":[],"jnews_primary_category":[],"footnotes":""},"categories":[23,101],"tags":[],"class_list":["post-98886","post","type-post","status-publish","format-standard","has-post-thumbnail","hentry","category-primera","category-slide"],"yoast_head":"<!-- This site is optimized with the Yoast SEO plugin v27.5 - https:\/\/yoast.com\/product\/yoast-seo-wordpress\/ -->\n<title>Los Gran DTs - Gente de B\u00e1squet<\/title>\n<meta name=\"robots\" content=\"index, follow, max-snippet:-1, max-image-preview:large, max-video-preview:-1\" \/>\n<link rel=\"canonical\" href=\"http:\/\/gentedebasquet.com.ar\/sitio\/2021\/02\/03\/los-gran-dts\/\" \/>\n<meta property=\"og:locale\" content=\"es_ES\" \/>\n<meta property=\"og:type\" content=\"article\" \/>\n<meta property=\"og:title\" content=\"Los Gran DTs - Gente de B\u00e1squet\" \/>\n<meta property=\"og:description\" content=\"Los entrenadores de la ciudad tomaron la sart\u00e9n por el mango y elaboraron un plan de acci\u00f3n para lograr la vuelta del b\u00e1squetbol local. Hay esperanzas de poder jugar en Primera, Segunda y Femenino. &nbsp; &nbsp; No todo est\u00e1 perdido de cara al 2021 en el \u00e1mbito de la Asocaci\u00f3n Bahiense de B\u00e1squetbol. Luego de [&hellip;]\" \/>\n<meta property=\"og:url\" content=\"http:\/\/gentedebasquet.com.ar\/sitio\/2021\/02\/03\/los-gran-dts\/\" \/>\n<meta property=\"og:site_name\" content=\"Gente de B\u00e1squet\" \/>\n<meta property=\"article:published_time\" content=\"2021-02-03T17:37:04+00:00\" \/>\n<meta property=\"og:image\" content=\"http:\/\/gentedebasquet.com.ar\/sitio\/wp-content\/uploads\/2020\/05\/Lista-1.jpg\" \/>\n\t<meta property=\"og:image:width\" content=\"649\" \/>\n\t<meta property=\"og:image:height\" content=\"409\" \/>\n\t<meta property=\"og:image:type\" content=\"image\/jpeg\" \/>\n<meta name=\"author\" content=\"Gente de B\u00e1squet\" \/>\n<meta name=\"twitter:card\" content=\"summary_large_image\" \/>\n<meta name=\"twitter:label1\" content=\"Escrito por\" \/>\n\t<meta name=\"twitter:data1\" content=\"Gente de B\u00e1squet\" \/>\n\t<meta name=\"twitter:label2\" content=\"Tiempo de lectura\" \/>\n\t<meta name=\"twitter:data2\" content=\"2 minutos\" \/>\n<script type=\"application\/ld+json\" class=\"yoast-schema-graph\">{\"@context\":\"https:\\\/\\\/schema.org\",\"@graph\":[{\"@type\":\"Article\",\"@id\":\"http:\\\/\\\/gentedebasquet.com.ar\\\/sitio\\\/2021\\\/02\\\/03\\\/los-gran-dts\\\/#article\",\"isPartOf\":{\"@id\":\"http:\\\/\\\/gentedebasquet.com.ar\\\/sitio\\\/2021\\\/02\\\/03\\\/los-gran-dts\\\/\"},\"author\":{\"name\":\"Gente de B\u00e1squet\",\"@id\":\"https:\\\/\\\/gentedebasquet.com.ar\\\/sitio\\\/#\\\/schema\\\/person\\\/ca0b63bbb977369988a7bbbdc519943a\"},\"headline\":\"Los Gran DTs\",\"datePublished\":\"2021-02-03T17:37:04+00:00\",\"mainEntityOfPage\":{\"@id\":\"http:\\\/\\\/gentedebasquet.com.ar\\\/sitio\\\/2021\\\/02\\\/03\\\/los-gran-dts\\\/\"},\"wordCount\":415,\"image\":{\"@id\":\"http:\\\/\\\/gentedebasquet.com.ar\\\/sitio\\\/2021\\\/02\\\/03\\\/los-gran-dts\\\/#primaryimage\"},\"thumbnailUrl\":\"https:\\\/\\\/gentedebasquet.com.ar\\\/sitio\\\/wp-content\\\/uploads\\\/2020\\\/05\\\/Lista-1.jpg\",\"articleSection\":[\"Primera\",\"Slide\"],\"inLanguage\":\"es\"},{\"@type\":\"WebPage\",\"@id\":\"http:\\\/\\\/gentedebasquet.com.ar\\\/sitio\\\/2021\\\/02\\\/03\\\/los-gran-dts\\\/\",\"url\":\"http:\\\/\\\/gentedebasquet.com.ar\\\/sitio\\\/2021\\\/02\\\/03\\\/los-gran-dts\\\/\",\"name\":\"Los Gran DTs - Gente de B\u00e1squet\",\"isPartOf\":{\"@id\":\"https:\\\/\\\/gentedebasquet.com.ar\\\/sitio\\\/#website\"},\"primaryImageOfPage\":{\"@id\":\"http:\\\/\\\/gentedebasquet.com.ar\\\/sitio\\\/2021\\\/02\\\/03\\\/los-gran-dts\\\/#primaryimage\"},\"image\":{\"@id\":\"http:\\\/\\\/gentedebasquet.com.ar\\\/sitio\\\/2021\\\/02\\\/03\\\/los-gran-dts\\\/#primaryimage\"},\"thumbnailUrl\":\"https:\\\/\\\/gentedebasquet.com.ar\\\/sitio\\\/wp-content\\\/uploads\\\/2020\\\/05\\\/Lista-1.jpg\",\"datePublished\":\"2021-02-03T17:37:04+00:00\",\"author\":{\"@id\":\"https:\\\/\\\/gentedebasquet.com.ar\\\/sitio\\\/#\\\/schema\\\/person\\\/ca0b63bbb977369988a7bbbdc519943a\"},\"breadcrumb\":{\"@id\":\"http:\\\/\\\/gentedebasquet.com.ar\\\/sitio\\\/2021\\\/02\\\/03\\\/los-gran-dts\\\/#breadcrumb\"},\"inLanguage\":\"es\",\"potentialAction\":[{\"@type\":\"ReadAction\",\"target\":[\"http:\\\/\\\/gentedebasquet.com.ar\\\/sitio\\\/2021\\\/02\\\/03\\\/los-gran-dts\\\/\"]}]},{\"@type\":\"ImageObject\",\"inLanguage\":\"es\",\"@id\":\"http:\\\/\\\/gentedebasquet.com.ar\\\/sitio\\\/2021\\\/02\\\/03\\\/los-gran-dts\\\/#primaryimage\",\"url\":\"https:\\\/\\\/gentedebasquet.com.ar\\\/sitio\\\/wp-content\\\/uploads\\\/2020\\\/05\\\/Lista-1.jpg\",\"contentUrl\":\"https:\\\/\\\/gentedebasquet.com.ar\\\/sitio\\\/wp-content\\\/uploads\\\/2020\\\/05\\\/Lista-1.jpg\",\"width\":649,\"height\":409},{\"@type\":\"BreadcrumbList\",\"@id\":\"http:\\\/\\\/gentedebasquet.com.ar\\\/sitio\\\/2021\\\/02\\\/03\\\/los-gran-dts\\\/#breadcrumb\",\"itemListElement\":[{\"@type\":\"ListItem\",\"position\":1,\"name\":\"Portada\",\"item\":\"https:\\\/\\\/gentedebasquet.com.ar\\\/sitio\\\/\"},{\"@type\":\"ListItem\",\"position\":2,\"name\":\"Los Gran DTs\"}]},{\"@type\":\"WebSite\",\"@id\":\"https:\\\/\\\/gentedebasquet.com.ar\\\/sitio\\\/#website\",\"url\":\"https:\\\/\\\/gentedebasquet.com.ar\\\/sitio\\\/\",\"name\":\"Gente de B\u00e1squet\",\"description\":\"La revista del basquet de Bah\u00eda Blanca\",\"potentialAction\":[{\"@type\":\"SearchAction\",\"target\":{\"@type\":\"EntryPoint\",\"urlTemplate\":\"https:\\\/\\\/gentedebasquet.com.ar\\\/sitio\\\/?s={search_term_string}\"},\"query-input\":{\"@type\":\"PropertyValueSpecification\",\"valueRequired\":true,\"valueName\":\"search_term_string\"}}],\"inLanguage\":\"es\"},{\"@type\":\"Person\",\"@id\":\"https:\\\/\\\/gentedebasquet.com.ar\\\/sitio\\\/#\\\/schema\\\/person\\\/ca0b63bbb977369988a7bbbdc519943a\",\"name\":\"Gente de B\u00e1squet\",\"image\":{\"@type\":\"ImageObject\",\"inLanguage\":\"es\",\"@id\":\"https:\\\/\\\/secure.gravatar.com\\\/avatar\\\/7f2c48bdc33b30088f941fb6082e555f2874c98e20cb159d7b92b50eadfce793?s=96&d=mm&r=g\",\"url\":\"https:\\\/\\\/secure.gravatar.com\\\/avatar\\\/7f2c48bdc33b30088f941fb6082e555f2874c98e20cb159d7b92b50eadfce793?s=96&d=mm&r=g\",\"contentUrl\":\"https:\\\/\\\/secure.gravatar.com\\\/avatar\\\/7f2c48bdc33b30088f941fb6082e555f2874c98e20cb159d7b92b50eadfce793?s=96&d=mm&r=g\",\"caption\":\"Gente de B\u00e1squet\"},\"sameAs\":[\"http:\\\/\\\/gentedebasquet.com.ar\\\/sitio\"],\"url\":\"https:\\\/\\\/gentedebasquet.com.ar\\\/sitio\\\/author\\\/ulises\\\/\"}]}<\/script>\n<!-- \/ Yoast SEO plugin. -->","yoast_head_json":{"title":"Los Gran DTs - Gente de B\u00e1squet","robots":{"index":"index","follow":"follow","max-snippet":"max-snippet:-1","max-image-preview":"max-image-preview:large","max-video-preview":"max-video-preview:-1"},"canonical":"http:\/\/gentedebasquet.com.ar\/sitio\/2021\/02\/03\/los-gran-dts\/","og_locale":"es_ES","og_type":"article","og_title":"Los Gran DTs - Gente de B\u00e1squet","og_description":"Los entrenadores de la ciudad tomaron la sart\u00e9n por el mango y elaboraron un plan de acci\u00f3n para lograr la vuelta del b\u00e1squetbol local. Hay esperanzas de poder jugar en Primera, Segunda y Femenino. &nbsp; &nbsp; No todo est\u00e1 perdido de cara al 2021 en el \u00e1mbito de la Asocaci\u00f3n Bahiense de B\u00e1squetbol. Luego de [&hellip;]","og_url":"http:\/\/gentedebasquet.com.ar\/sitio\/2021\/02\/03\/los-gran-dts\/","og_site_name":"Gente de B\u00e1squet","article_published_time":"2021-02-03T17:37:04+00:00","og_image":[{"width":649,"height":409,"url":"http:\/\/gentedebasquet.com.ar\/sitio\/wp-content\/uploads\/2020\/05\/Lista-1.jpg","type":"image\/jpeg"}],"author":"Gente de B\u00e1squet","twitter_card":"summary_large_image","twitter_misc":{"Escrito por":"Gente de B\u00e1squet","Tiempo de lectura":"2 minutos"},"schema":{"@context":"https:\/\/schema.org","@graph":[{"@type":"Article","@id":"http:\/\/gentedebasquet.com.ar\/sitio\/2021\/02\/03\/los-gran-dts\/#article","isPartOf":{"@id":"http:\/\/gentedebasquet.com.ar\/sitio\/2021\/02\/03\/los-gran-dts\/"},"author":{"name":"Gente de B\u00e1squet","@id":"https:\/\/gentedebasquet.com.ar\/sitio\/#\/schema\/person\/ca0b63bbb977369988a7bbbdc519943a"},"headline":"Los Gran DTs","datePublished":"2021-02-03T17:37:04+00:00","mainEntityOfPage":{"@id":"http:\/\/gentedebasquet.com.ar\/sitio\/2021\/02\/03\/los-gran-dts\/"},"wordCount":415,"image":{"@id":"http:\/\/gentedebasquet.com.ar\/sitio\/2021\/02\/03\/los-gran-dts\/#primaryimage"},"thumbnailUrl":"https:\/\/gentedebasquet.com.ar\/sitio\/wp-content\/uploads\/2020\/05\/Lista-1.jpg","articleSection":["Primera","Slide"],"inLanguage":"es"},{"@type":"WebPage","@id":"http:\/\/gentedebasquet.com.ar\/sitio\/2021\/02\/03\/los-gran-dts\/","url":"http:\/\/gentedebasquet.com.ar\/sitio\/2021\/02\/03\/los-gran-dts\/","name":"Los Gran DTs - Gente de B\u00e1squet","isPartOf":{"@id":"https:\/\/gentedebasquet.com.ar\/sitio\/#website"},"primaryImageOfPage":{"@id":"http:\/\/gentedebasquet.com.ar\/sitio\/2021\/02\/03\/los-gran-dts\/#primaryimage"},"image":{"@id":"http:\/\/gentedebasquet.com.ar\/sitio\/2021\/02\/03\/los-gran-dts\/#primaryimage"},"thumbnailUrl":"https:\/\/gentedebasquet.com.ar\/sitio\/wp-content\/uploads\/2020\/05\/Lista-1.jpg","datePublished":"2021-02-03T17:37:04+00:00","author":{"@id":"https:\/\/gentedebasquet.com.ar\/sitio\/#\/schema\/person\/ca0b63bbb977369988a7bbbdc519943a"},"breadcrumb":{"@id":"http:\/\/gentedebasquet.com.ar\/sitio\/2021\/02\/03\/los-gran-dts\/#breadcrumb"},"inLanguage":"es","potentialAction":[{"@type":"ReadAction","target":["http:\/\/gentedebasquet.com.ar\/sitio\/2021\/02\/03\/los-gran-dts\/"]}]},{"@type":"ImageObject","inLanguage":"es","@id":"http:\/\/gentedebasquet.com.ar\/sitio\/2021\/02\/03\/los-gran-dts\/#primaryimage","url":"https:\/\/gentedebasquet.com.ar\/sitio\/wp-content\/uploads\/2020\/05\/Lista-1.jpg","contentUrl":"https:\/\/gentedebasquet.com.ar\/sitio\/wp-content\/uploads\/2020\/05\/Lista-1.jpg","width":649,"height":409},{"@type":"BreadcrumbList","@id":"http:\/\/gentedebasquet.com.ar\/sitio\/2021\/02\/03\/los-gran-dts\/#breadcrumb","itemListElement":[{"@type":"ListItem","position":1,"name":"Portada","item":"https:\/\/gentedebasquet.com.ar\/sitio\/"},{"@type":"ListItem","position":2,"name":"Los Gran DTs"}]},{"@type":"WebSite","@id":"https:\/\/gentedebasquet.com.ar\/sitio\/#website","url":"https:\/\/gentedebasquet.com.ar\/sitio\/","name":"Gente de B\u00e1squet","description":"La revista del basquet de Bah\u00eda Blanca","potentialAction":[{"@type":"SearchAction","target":{"@type":"EntryPoint","urlTemplate":"https:\/\/gentedebasquet.com.ar\/sitio\/?s={search_term_string}"},"query-input":{"@type":"PropertyValueSpecification","valueRequired":true,"valueName":"search_term_string"}}],"inLanguage":"es"},{"@type":"Person","@id":"https:\/\/gentedebasquet.com.ar\/sitio\/#\/schema\/person\/ca0b63bbb977369988a7bbbdc519943a","name":"Gente de B\u00e1squet","image":{"@type":"ImageObject","inLanguage":"es","@id":"https:\/\/secure.gravatar.com\/avatar\/7f2c48bdc33b30088f941fb6082e555f2874c98e20cb159d7b92b50eadfce793?s=96&d=mm&r=g","url":"https:\/\/secure.gravatar.com\/avatar\/7f2c48bdc33b30088f941fb6082e555f2874c98e20cb159d7b92b50eadfce793?s=96&d=mm&r=g","contentUrl":"https:\/\/secure.gravatar.com\/avatar\/7f2c48bdc33b30088f941fb6082e555f2874c98e20cb159d7b92b50eadfce793?s=96&d=mm&r=g","caption":"Gente de B\u00e1squet"},"sameAs":["http:\/\/gentedebasquet.com.ar\/sitio"],"url":"https:\/\/gentedebasquet.com.ar\/sitio\/author\/ulises\/"}]}},"_links":{"self":[{"href":"https:\/\/gentedebasquet.com.ar\/sitio\/wp-json\/wp\/v2\/posts\/98886","targetHints":{"allow":["GET"]}}],"collection":[{"href":"https:\/\/gentedebasquet.com.ar\/sitio\/wp-json\/wp\/v2\/posts"}],"about":[{"href":"https:\/\/gentedebasquet.com.ar\/sitio\/wp-json\/wp\/v2\/types\/post"}],"author":[{"embeddable":true,"href":"https:\/\/gentedebasquet.com.ar\/sitio\/wp-json\/wp\/v2\/users\/1"}],"replies":[{"embeddable":true,"href":"https:\/\/gentedebasquet.com.ar\/sitio\/wp-json\/wp\/v2\/comments?post=98886"}],"version-history":[{"count":0,"href":"https:\/\/gentedebasquet.com.ar\/sitio\/wp-json\/wp\/v2\/posts\/98886\/revisions"}],"wp:featuredmedia":[{"embeddable":true,"href":"https:\/\/gentedebasquet.com.ar\/sitio\/wp-json\/wp\/v2\/media\/97960"}],"wp:attachment":[{"href":"https:\/\/gentedebasquet.com.ar\/sitio\/wp-json\/wp\/v2\/media?parent=98886"}],"wp:term":[{"taxonomy":"category","embeddable":true,"href":"https:\/\/gentedebasquet.com.ar\/sitio\/wp-json\/wp\/v2\/categories?post=98886"},{"taxonomy":"post_tag","embeddable":true,"href":"https:\/\/gentedebasquet.com.ar\/sitio\/wp-json\/wp\/v2\/tags?post=98886"}],"curies":[{"name":"wp","href":"https:\/\/api.w.org\/{rel}","templated":true}]}}