{"id":99078,"date":"2021-03-26T00:19:33","date_gmt":"2021-03-26T03:19:33","guid":{"rendered":"http:\/\/www.gentedebasquet.com.ar\/?p=99078"},"modified":"2021-03-26T00:19:33","modified_gmt":"2021-03-26T03:19:33","slug":"whitense-fue-un-avioncito","status":"publish","type":"post","link":"https:\/\/gentedebasquet.com.ar\/sitio\/2021\/03\/26\/whitense-fue-un-avioncito\/","title":{"rendered":"Whitense fue un avioncito"},"content":{"rendered":"<p><strong>Desde el salto inicial, Deportivo Whitense evidenci\u00f3 m\u00e1s din\u00e1mica y efectividad. Bussetti (5) y Pedrosa (6) da\u00f1aron de entrada para despegarse 22-13. Posteriormente, se a\u00f1adieron Carminatti (dos triples) y Soriano (2-2 t2). De todos modos, Independiente revivi\u00f3 con un gran parcial de 11-0 (24-23) a trav\u00e9s de arrestos individuales. Pero la visita retom\u00f3, r\u00e1pidamente, las riendas mediante Claudio S\u00e1nchez (5) para irse al entretiempo c\u00f3modamente al frente: 39-24.<\/strong><\/p>\n<p><strong>En la reanudaci\u00f3n, Independiente presion\u00f3 a la salida. Y le result\u00f3, porque ello lo tradujo en el tanteador al establecer un 7-0 (31-39). En lo sucesivo, Whitense continu\u00f3 demostrando que era superior, contando con diferentes actores y abrazando su m\u00e1xima de la noche: 65-45, con 7m47s en el reloj.\u00a0<\/strong><\/p>\n<p><b>All\u00ed sobrevino el \u00faltimo manotazo viola, que estamp\u00f3 un 15-2 (60-67) con Londero (13) como estandarte. El portuario no dej\u00f3 que la sangre llegara al r\u00edo y recompuso su imagen recostado en Bussetti y Pedrosa como protagonistas, siendo quienes se encargaron de las diez \u00faltimas unidades de la noche para las Aviones Azules: 75-64.<\/b><\/p>\n<p><a href=\"http:\/\/www.gentedebasquet.com.ar\/wp-content\/uploads\/2021\/03\/Gif-Publicidades-1-1.gif\"><img decoding=\"async\" class=\"alignnone size-full wp-image-98930\" src=\"http:\/\/www.gentedebasquet.com.ar\/wp-content\/uploads\/2021\/03\/Gif-Publicidades-1-1.gif\" alt=\"\" width=\"300\" height=\"250\" \/><\/a><\/p>\n<p>https:\/\/www.youtube.com\/watch?v=fQxjoCkyeDE<\/p>\n<p><a href=\"http:\/\/www.gentedebasquet.com.ar\/wp-content\/uploads\/2021\/03\/Gif-Publicidades-2-1.gif\"><img decoding=\"async\" class=\"alignnone size-full wp-image-98931\" src=\"http:\/\/www.gentedebasquet.com.ar\/wp-content\/uploads\/2021\/03\/Gif-Publicidades-2-1.gif\" alt=\"\" width=\"300\" height=\"250\" \/><\/a><\/p>\n<p><a href=\"http:\/\/www.gentedebasquet.com.ar\/wp-content\/uploads\/2021\/03\/Busset.jpg\"><img decoding=\"async\" class=\"alignnone size-medium wp-image-99083\" src=\"http:\/\/www.gentedebasquet.com.ar\/wp-content\/uploads\/2021\/03\/Busset-300x300.jpg\" alt=\"\" width=\"300\" height=\"300\" srcset=\"https:\/\/gentedebasquet.com.ar\/sitio\/wp-content\/uploads\/2021\/03\/Busset-300x300.jpg 300w, https:\/\/gentedebasquet.com.ar\/sitio\/wp-content\/uploads\/2021\/03\/Busset-1024x1024.jpg 1024w, https:\/\/gentedebasquet.com.ar\/sitio\/wp-content\/uploads\/2021\/03\/Busset-150x150.jpg 150w, https:\/\/gentedebasquet.com.ar\/sitio\/wp-content\/uploads\/2021\/03\/Busset-768x768.jpg 768w, https:\/\/gentedebasquet.com.ar\/sitio\/wp-content\/uploads\/2021\/03\/Busset-1536x1536.jpg 1536w, https:\/\/gentedebasquet.com.ar\/sitio\/wp-content\/uploads\/2021\/03\/Busset.jpg 2000w\" sizes=\"(max-width: 300px) 100vw, 300px\" \/><\/a><\/p>\n<p><a href=\"http:\/\/www.gentedebasquet.com.ar\/wp-content\/uploads\/2021\/03\/Busse.jpg\"><img decoding=\"async\" class=\"alignnone size-medium wp-image-99080\" src=\"http:\/\/www.gentedebasquet.com.ar\/wp-content\/uploads\/2021\/03\/Busse-300x225.jpg\" alt=\"\" width=\"300\" height=\"225\" srcset=\"https:\/\/gentedebasquet.com.ar\/sitio\/wp-content\/uploads\/2021\/03\/Busse-300x225.jpg 300w, https:\/\/gentedebasquet.com.ar\/sitio\/wp-content\/uploads\/2021\/03\/Busse.jpg 640w\" sizes=\"(max-width: 300px) 100vw, 300px\" \/><\/a><\/p>\n<blockquote><p>Sab\u00edamos que iba a ser un partido complicado, hac\u00eda como 500 d\u00edas que no jug\u00e1bamos y eso influye. Pudimos manejar la ansiedad. Aunque nos ahogamos a lo \u00faltimo, lo sacamos adelante y lo m\u00e1s importante es que ganamos. La idea creo que qued\u00f3 plasmada: salir en contrataque, m\u00e1s all\u00e1 de que no tenemos la preparaci\u00f3n f\u00edsica adecuada. Pero no hay nada que reprocharse. Vamos por el buen camino. <strong>Santiago Bussetti (escolta de Whitense).<\/strong><\/p><\/blockquote>\n<p><a href=\"http:\/\/www.gentedebasquet.com.ar\/wp-content\/uploads\/2021\/03\/Gif-Publicidades-3-2.gif\"><img decoding=\"async\" class=\"alignnone size-full wp-image-98947\" src=\"http:\/\/www.gentedebasquet.com.ar\/wp-content\/uploads\/2021\/03\/Gif-Publicidades-3-2.gif\" alt=\"\" width=\"300\" height=\"250\" \/><\/a><\/p>\n<p><strong>S\u00edntesis | <\/strong>Segunda \u2013 Fecha 1 &#8211; Zona B<\/p>\n<p><b>Independiente 64: <\/b>Augusto R\u00edos 10, Francisco Londero 18, Francisco Ariza 11 (*), Cristian Bisterfed 10, Hern\u00e1n Cinti 8, (FI); Ignacio Luppino 5, Federico Congos 2 y Agust\u00edn Hollman 0. DT: Javier Musumeci.<\/p>\n<p><b>Whitense 75:<\/b><strong>\u00a0<\/strong>Mauro Capurso 9, Santiago Bussetti 18, Juli\u00e1n Carminatti 12, Bruno Pedrosa 13, Santiago Soriano 9,\u00a0(FI); Santiago Abenel 5, Jonatan Maisterrena 0, Claudio S\u00e1nchez 9, Kendrick Rijo 0 y Mat\u00edas Iturbide 0. DT: Walter Romerniszyn.<\/p>\n<p><strong>Parciales: 16-22<\/strong>, 24-39 (8-17), 45-61 (21-22) y 64-75 (19-14).<\/p>\n<p><strong>\u00c1rbitros:\u00a0<\/strong>Eduardo Ferreyra \u2013 Diego Kessler \u2013 Camila Robles.<\/p>\n<p><strong>Estadio:\u00a0<\/strong>Ra\u00fal y N\u00e9stor Barral (club Independiente).<\/p>\n<p>&nbsp;<\/p>\n<p><a href=\"http:\/\/www.gentedebasquet.com.ar\/wp-content\/uploads\/2021\/03\/CLAVE-whit.jpg\"><img decoding=\"async\" class=\"alignnone size-medium wp-image-99084\" src=\"http:\/\/www.gentedebasquet.com.ar\/wp-content\/uploads\/2021\/03\/CLAVE-whit-300x300.jpg\" alt=\"\" width=\"300\" height=\"300\" srcset=\"https:\/\/gentedebasquet.com.ar\/sitio\/wp-content\/uploads\/2021\/03\/CLAVE-whit-300x300.jpg 300w, https:\/\/gentedebasquet.com.ar\/sitio\/wp-content\/uploads\/2021\/03\/CLAVE-whit-1024x1024.jpg 1024w, https:\/\/gentedebasquet.com.ar\/sitio\/wp-content\/uploads\/2021\/03\/CLAVE-whit-150x150.jpg 150w, https:\/\/gentedebasquet.com.ar\/sitio\/wp-content\/uploads\/2021\/03\/CLAVE-whit-768x768.jpg 768w, https:\/\/gentedebasquet.com.ar\/sitio\/wp-content\/uploads\/2021\/03\/CLAVE-whit-1536x1536.jpg 1536w, https:\/\/gentedebasquet.com.ar\/sitio\/wp-content\/uploads\/2021\/03\/CLAVE-whit.jpg 2000w\" sizes=\"(max-width: 300px) 100vw, 300px\" \/><\/a><\/p>\n<p><a href=\"http:\/\/www.gentedebasquet.com.ar\/wp-content\/uploads\/2021\/03\/3-Indep..jpg\"><img decoding=\"async\" class=\"alignnone size-medium wp-image-99081\" src=\"http:\/\/www.gentedebasquet.com.ar\/wp-content\/uploads\/2021\/03\/3-Indep.-300x225.jpg\" alt=\"\" width=\"300\" height=\"225\" \/><\/a><\/p>\n","protected":false},"excerpt":{"rendered":"<p>Mostr\u00f3 buen rendimiento y lleg\u00f3 a estar 20 arriba del viola: triunf\u00f3 por 75 a 64.<\/p>\n","protected":false},"author":1,"featured_media":99082,"comment_status":"closed","ping_status":"open","sticky":false,"template":"","format":"standard","meta":{"jnews-multi-image_gallery":[],"jnews_single_post":[],"jnews_primary_category":[],"footnotes":""},"categories":[25,101],"tags":[1664,1663,1107,8,1677,12,1827,1357,1086],"class_list":["post-99078","post","type-post","status-publish","format-standard","has-post-thumbnail","hentry","category-segunda","category-slide","tag-bruno-pedrosa","tag-claudio-sanchez","tag-cristian-bisterfeld","tag-deportivo-whitense","tag-francisco-londero","tag-independiente","tag-julian-carminatti","tag-mauro-capurso","tag-santiago-bussetti"],"yoast_head":"<!-- This site is optimized with the Yoast SEO plugin v27.5 - https:\/\/yoast.com\/product\/yoast-seo-wordpress\/ -->\n<title>Whitense fue un avioncito - Gente de B\u00e1squet<\/title>\n<meta name=\"robots\" content=\"index, follow, max-snippet:-1, max-image-preview:large, max-video-preview:-1\" \/>\n<link rel=\"canonical\" href=\"https:\/\/gentedebasquet.com.ar\/sitio\/2021\/03\/26\/whitense-fue-un-avioncito\/\" \/>\n<meta property=\"og:locale\" content=\"es_ES\" \/>\n<meta property=\"og:type\" content=\"article\" \/>\n<meta property=\"og:title\" content=\"Whitense fue un avioncito - Gente de B\u00e1squet\" \/>\n<meta property=\"og:description\" content=\"Mostr\u00f3 buen rendimiento y lleg\u00f3 a estar 20 arriba del viola: triunf\u00f3 por 75 a 64.\" \/>\n<meta property=\"og:url\" content=\"https:\/\/gentedebasquet.com.ar\/sitio\/2021\/03\/26\/whitense-fue-un-avioncito\/\" \/>\n<meta property=\"og:site_name\" content=\"Gente de B\u00e1squet\" \/>\n<meta property=\"article:published_time\" content=\"2021-03-26T03:19:33+00:00\" \/>\n<meta property=\"og:image\" content=\"https:\/\/gentedebasquet.com.ar\/sitio\/wp-content\/uploads\/2021\/03\/1-W.jpg\" \/>\n\t<meta property=\"og:image:width\" content=\"690\" \/>\n\t<meta property=\"og:image:height\" content=\"319\" \/>\n\t<meta property=\"og:image:type\" content=\"image\/jpeg\" \/>\n<meta name=\"author\" content=\"Gente de B\u00e1squet\" \/>\n<meta name=\"twitter:card\" content=\"summary_large_image\" \/>\n<meta name=\"twitter:label1\" content=\"Escrito por\" \/>\n\t<meta name=\"twitter:data1\" content=\"Gente de B\u00e1squet\" \/>\n\t<meta name=\"twitter:label2\" content=\"Tiempo de lectura\" \/>\n\t<meta name=\"twitter:data2\" content=\"2 minutos\" \/>\n<script type=\"application\/ld+json\" class=\"yoast-schema-graph\">{\"@context\":\"https:\\\/\\\/schema.org\",\"@graph\":[{\"@type\":\"Article\",\"@id\":\"https:\\\/\\\/gentedebasquet.com.ar\\\/sitio\\\/2021\\\/03\\\/26\\\/whitense-fue-un-avioncito\\\/#article\",\"isPartOf\":{\"@id\":\"https:\\\/\\\/gentedebasquet.com.ar\\\/sitio\\\/2021\\\/03\\\/26\\\/whitense-fue-un-avioncito\\\/\"},\"author\":{\"name\":\"Gente de B\u00e1squet\",\"@id\":\"https:\\\/\\\/gentedebasquet.com.ar\\\/sitio\\\/#\\\/schema\\\/person\\\/ca0b63bbb977369988a7bbbdc519943a\"},\"headline\":\"Whitense fue un avioncito\",\"datePublished\":\"2021-03-26T03:19:33+00:00\",\"mainEntityOfPage\":{\"@id\":\"https:\\\/\\\/gentedebasquet.com.ar\\\/sitio\\\/2021\\\/03\\\/26\\\/whitense-fue-un-avioncito\\\/\"},\"wordCount\":357,\"image\":{\"@id\":\"https:\\\/\\\/gentedebasquet.com.ar\\\/sitio\\\/2021\\\/03\\\/26\\\/whitense-fue-un-avioncito\\\/#primaryimage\"},\"thumbnailUrl\":\"https:\\\/\\\/gentedebasquet.com.ar\\\/sitio\\\/wp-content\\\/uploads\\\/2021\\\/03\\\/1-W.jpg\",\"keywords\":[\"Bruno Pedrosa\",\"Claudio S\u00e1nchez\",\"Cristian Bisterfeld\",\"Deportivo Whitense\",\"Francisco Londero\",\"independiente\",\"Juli\u00e1n Carminatti\",\"Mauro Capurso\",\"Santiago Bussetti\"],\"articleSection\":[\"Segunda\",\"Slide\"],\"inLanguage\":\"es\"},{\"@type\":\"WebPage\",\"@id\":\"https:\\\/\\\/gentedebasquet.com.ar\\\/sitio\\\/2021\\\/03\\\/26\\\/whitense-fue-un-avioncito\\\/\",\"url\":\"https:\\\/\\\/gentedebasquet.com.ar\\\/sitio\\\/2021\\\/03\\\/26\\\/whitense-fue-un-avioncito\\\/\",\"name\":\"Whitense fue un avioncito - Gente de B\u00e1squet\",\"isPartOf\":{\"@id\":\"https:\\\/\\\/gentedebasquet.com.ar\\\/sitio\\\/#website\"},\"primaryImageOfPage\":{\"@id\":\"https:\\\/\\\/gentedebasquet.com.ar\\\/sitio\\\/2021\\\/03\\\/26\\\/whitense-fue-un-avioncito\\\/#primaryimage\"},\"image\":{\"@id\":\"https:\\\/\\\/gentedebasquet.com.ar\\\/sitio\\\/2021\\\/03\\\/26\\\/whitense-fue-un-avioncito\\\/#primaryimage\"},\"thumbnailUrl\":\"https:\\\/\\\/gentedebasquet.com.ar\\\/sitio\\\/wp-content\\\/uploads\\\/2021\\\/03\\\/1-W.jpg\",\"datePublished\":\"2021-03-26T03:19:33+00:00\",\"author\":{\"@id\":\"https:\\\/\\\/gentedebasquet.com.ar\\\/sitio\\\/#\\\/schema\\\/person\\\/ca0b63bbb977369988a7bbbdc519943a\"},\"breadcrumb\":{\"@id\":\"https:\\\/\\\/gentedebasquet.com.ar\\\/sitio\\\/2021\\\/03\\\/26\\\/whitense-fue-un-avioncito\\\/#breadcrumb\"},\"inLanguage\":\"es\",\"potentialAction\":[{\"@type\":\"ReadAction\",\"target\":[\"https:\\\/\\\/gentedebasquet.com.ar\\\/sitio\\\/2021\\\/03\\\/26\\\/whitense-fue-un-avioncito\\\/\"]}]},{\"@type\":\"ImageObject\",\"inLanguage\":\"es\",\"@id\":\"https:\\\/\\\/gentedebasquet.com.ar\\\/sitio\\\/2021\\\/03\\\/26\\\/whitense-fue-un-avioncito\\\/#primaryimage\",\"url\":\"https:\\\/\\\/gentedebasquet.com.ar\\\/sitio\\\/wp-content\\\/uploads\\\/2021\\\/03\\\/1-W.jpg\",\"contentUrl\":\"https:\\\/\\\/gentedebasquet.com.ar\\\/sitio\\\/wp-content\\\/uploads\\\/2021\\\/03\\\/1-W.jpg\",\"width\":690,\"height\":319},{\"@type\":\"BreadcrumbList\",\"@id\":\"https:\\\/\\\/gentedebasquet.com.ar\\\/sitio\\\/2021\\\/03\\\/26\\\/whitense-fue-un-avioncito\\\/#breadcrumb\",\"itemListElement\":[{\"@type\":\"ListItem\",\"position\":1,\"name\":\"Portada\",\"item\":\"https:\\\/\\\/gentedebasquet.com.ar\\\/sitio\\\/\"},{\"@type\":\"ListItem\",\"position\":2,\"name\":\"Whitense fue un avioncito\"}]},{\"@type\":\"WebSite\",\"@id\":\"https:\\\/\\\/gentedebasquet.com.ar\\\/sitio\\\/#website\",\"url\":\"https:\\\/\\\/gentedebasquet.com.ar\\\/sitio\\\/\",\"name\":\"Gente de B\u00e1squet\",\"description\":\"La revista del basquet de Bah\u00eda Blanca\",\"potentialAction\":[{\"@type\":\"SearchAction\",\"target\":{\"@type\":\"EntryPoint\",\"urlTemplate\":\"https:\\\/\\\/gentedebasquet.com.ar\\\/sitio\\\/?s={search_term_string}\"},\"query-input\":{\"@type\":\"PropertyValueSpecification\",\"valueRequired\":true,\"valueName\":\"search_term_string\"}}],\"inLanguage\":\"es\"},{\"@type\":\"Person\",\"@id\":\"https:\\\/\\\/gentedebasquet.com.ar\\\/sitio\\\/#\\\/schema\\\/person\\\/ca0b63bbb977369988a7bbbdc519943a\",\"name\":\"Gente de B\u00e1squet\",\"image\":{\"@type\":\"ImageObject\",\"inLanguage\":\"es\",\"@id\":\"https:\\\/\\\/secure.gravatar.com\\\/avatar\\\/7f2c48bdc33b30088f941fb6082e555f2874c98e20cb159d7b92b50eadfce793?s=96&d=mm&r=g\",\"url\":\"https:\\\/\\\/secure.gravatar.com\\\/avatar\\\/7f2c48bdc33b30088f941fb6082e555f2874c98e20cb159d7b92b50eadfce793?s=96&d=mm&r=g\",\"contentUrl\":\"https:\\\/\\\/secure.gravatar.com\\\/avatar\\\/7f2c48bdc33b30088f941fb6082e555f2874c98e20cb159d7b92b50eadfce793?s=96&d=mm&r=g\",\"caption\":\"Gente de B\u00e1squet\"},\"sameAs\":[\"http:\\\/\\\/gentedebasquet.com.ar\\\/sitio\"],\"url\":\"https:\\\/\\\/gentedebasquet.com.ar\\\/sitio\\\/author\\\/ulises\\\/\"}]}<\/script>\n<!-- \/ Yoast SEO plugin. -->","yoast_head_json":{"title":"Whitense fue un avioncito - Gente de B\u00e1squet","robots":{"index":"index","follow":"follow","max-snippet":"max-snippet:-1","max-image-preview":"max-image-preview:large","max-video-preview":"max-video-preview:-1"},"canonical":"https:\/\/gentedebasquet.com.ar\/sitio\/2021\/03\/26\/whitense-fue-un-avioncito\/","og_locale":"es_ES","og_type":"article","og_title":"Whitense fue un avioncito - Gente de B\u00e1squet","og_description":"Mostr\u00f3 buen rendimiento y lleg\u00f3 a estar 20 arriba del viola: triunf\u00f3 por 75 a 64.","og_url":"https:\/\/gentedebasquet.com.ar\/sitio\/2021\/03\/26\/whitense-fue-un-avioncito\/","og_site_name":"Gente de B\u00e1squet","article_published_time":"2021-03-26T03:19:33+00:00","og_image":[{"width":690,"height":319,"url":"https:\/\/gentedebasquet.com.ar\/sitio\/wp-content\/uploads\/2021\/03\/1-W.jpg","type":"image\/jpeg"}],"author":"Gente de B\u00e1squet","twitter_card":"summary_large_image","twitter_misc":{"Escrito por":"Gente de B\u00e1squet","Tiempo de lectura":"2 minutos"},"schema":{"@context":"https:\/\/schema.org","@graph":[{"@type":"Article","@id":"https:\/\/gentedebasquet.com.ar\/sitio\/2021\/03\/26\/whitense-fue-un-avioncito\/#article","isPartOf":{"@id":"https:\/\/gentedebasquet.com.ar\/sitio\/2021\/03\/26\/whitense-fue-un-avioncito\/"},"author":{"name":"Gente de B\u00e1squet","@id":"https:\/\/gentedebasquet.com.ar\/sitio\/#\/schema\/person\/ca0b63bbb977369988a7bbbdc519943a"},"headline":"Whitense fue un avioncito","datePublished":"2021-03-26T03:19:33+00:00","mainEntityOfPage":{"@id":"https:\/\/gentedebasquet.com.ar\/sitio\/2021\/03\/26\/whitense-fue-un-avioncito\/"},"wordCount":357,"image":{"@id":"https:\/\/gentedebasquet.com.ar\/sitio\/2021\/03\/26\/whitense-fue-un-avioncito\/#primaryimage"},"thumbnailUrl":"https:\/\/gentedebasquet.com.ar\/sitio\/wp-content\/uploads\/2021\/03\/1-W.jpg","keywords":["Bruno Pedrosa","Claudio S\u00e1nchez","Cristian Bisterfeld","Deportivo Whitense","Francisco Londero","independiente","Juli\u00e1n Carminatti","Mauro Capurso","Santiago Bussetti"],"articleSection":["Segunda","Slide"],"inLanguage":"es"},{"@type":"WebPage","@id":"https:\/\/gentedebasquet.com.ar\/sitio\/2021\/03\/26\/whitense-fue-un-avioncito\/","url":"https:\/\/gentedebasquet.com.ar\/sitio\/2021\/03\/26\/whitense-fue-un-avioncito\/","name":"Whitense fue un avioncito - Gente de B\u00e1squet","isPartOf":{"@id":"https:\/\/gentedebasquet.com.ar\/sitio\/#website"},"primaryImageOfPage":{"@id":"https:\/\/gentedebasquet.com.ar\/sitio\/2021\/03\/26\/whitense-fue-un-avioncito\/#primaryimage"},"image":{"@id":"https:\/\/gentedebasquet.com.ar\/sitio\/2021\/03\/26\/whitense-fue-un-avioncito\/#primaryimage"},"thumbnailUrl":"https:\/\/gentedebasquet.com.ar\/sitio\/wp-content\/uploads\/2021\/03\/1-W.jpg","datePublished":"2021-03-26T03:19:33+00:00","author":{"@id":"https:\/\/gentedebasquet.com.ar\/sitio\/#\/schema\/person\/ca0b63bbb977369988a7bbbdc519943a"},"breadcrumb":{"@id":"https:\/\/gentedebasquet.com.ar\/sitio\/2021\/03\/26\/whitense-fue-un-avioncito\/#breadcrumb"},"inLanguage":"es","potentialAction":[{"@type":"ReadAction","target":["https:\/\/gentedebasquet.com.ar\/sitio\/2021\/03\/26\/whitense-fue-un-avioncito\/"]}]},{"@type":"ImageObject","inLanguage":"es","@id":"https:\/\/gentedebasquet.com.ar\/sitio\/2021\/03\/26\/whitense-fue-un-avioncito\/#primaryimage","url":"https:\/\/gentedebasquet.com.ar\/sitio\/wp-content\/uploads\/2021\/03\/1-W.jpg","contentUrl":"https:\/\/gentedebasquet.com.ar\/sitio\/wp-content\/uploads\/2021\/03\/1-W.jpg","width":690,"height":319},{"@type":"BreadcrumbList","@id":"https:\/\/gentedebasquet.com.ar\/sitio\/2021\/03\/26\/whitense-fue-un-avioncito\/#breadcrumb","itemListElement":[{"@type":"ListItem","position":1,"name":"Portada","item":"https:\/\/gentedebasquet.com.ar\/sitio\/"},{"@type":"ListItem","position":2,"name":"Whitense fue un avioncito"}]},{"@type":"WebSite","@id":"https:\/\/gentedebasquet.com.ar\/sitio\/#website","url":"https:\/\/gentedebasquet.com.ar\/sitio\/","name":"Gente de B\u00e1squet","description":"La revista del basquet de Bah\u00eda Blanca","potentialAction":[{"@type":"SearchAction","target":{"@type":"EntryPoint","urlTemplate":"https:\/\/gentedebasquet.com.ar\/sitio\/?s={search_term_string}"},"query-input":{"@type":"PropertyValueSpecification","valueRequired":true,"valueName":"search_term_string"}}],"inLanguage":"es"},{"@type":"Person","@id":"https:\/\/gentedebasquet.com.ar\/sitio\/#\/schema\/person\/ca0b63bbb977369988a7bbbdc519943a","name":"Gente de B\u00e1squet","image":{"@type":"ImageObject","inLanguage":"es","@id":"https:\/\/secure.gravatar.com\/avatar\/7f2c48bdc33b30088f941fb6082e555f2874c98e20cb159d7b92b50eadfce793?s=96&d=mm&r=g","url":"https:\/\/secure.gravatar.com\/avatar\/7f2c48bdc33b30088f941fb6082e555f2874c98e20cb159d7b92b50eadfce793?s=96&d=mm&r=g","contentUrl":"https:\/\/secure.gravatar.com\/avatar\/7f2c48bdc33b30088f941fb6082e555f2874c98e20cb159d7b92b50eadfce793?s=96&d=mm&r=g","caption":"Gente de B\u00e1squet"},"sameAs":["http:\/\/gentedebasquet.com.ar\/sitio"],"url":"https:\/\/gentedebasquet.com.ar\/sitio\/author\/ulises\/"}]}},"_links":{"self":[{"href":"https:\/\/gentedebasquet.com.ar\/sitio\/wp-json\/wp\/v2\/posts\/99078","targetHints":{"allow":["GET"]}}],"collection":[{"href":"https:\/\/gentedebasquet.com.ar\/sitio\/wp-json\/wp\/v2\/posts"}],"about":[{"href":"https:\/\/gentedebasquet.com.ar\/sitio\/wp-json\/wp\/v2\/types\/post"}],"author":[{"embeddable":true,"href":"https:\/\/gentedebasquet.com.ar\/sitio\/wp-json\/wp\/v2\/users\/1"}],"replies":[{"embeddable":true,"href":"https:\/\/gentedebasquet.com.ar\/sitio\/wp-json\/wp\/v2\/comments?post=99078"}],"version-history":[{"count":0,"href":"https:\/\/gentedebasquet.com.ar\/sitio\/wp-json\/wp\/v2\/posts\/99078\/revisions"}],"wp:featuredmedia":[{"embeddable":true,"href":"https:\/\/gentedebasquet.com.ar\/sitio\/wp-json\/wp\/v2\/media\/99082"}],"wp:attachment":[{"href":"https:\/\/gentedebasquet.com.ar\/sitio\/wp-json\/wp\/v2\/media?parent=99078"}],"wp:term":[{"taxonomy":"category","embeddable":true,"href":"https:\/\/gentedebasquet.com.ar\/sitio\/wp-json\/wp\/v2\/categories?post=99078"},{"taxonomy":"post_tag","embeddable":true,"href":"https:\/\/gentedebasquet.com.ar\/sitio\/wp-json\/wp\/v2\/tags?post=99078"}],"curies":[{"name":"wp","href":"https:\/\/api.w.org\/{rel}","templated":true}]}}