{"id":99227,"date":"2021-04-01T23:45:16","date_gmt":"2021-04-02T02:45:16","guid":{"rendered":"http:\/\/www.gentedebasquet.com.ar\/?p=99227"},"modified":"2021-04-01T23:45:16","modified_gmt":"2021-04-02T02:45:16","slug":"apago-el-incendio-a-tiempo","status":"publish","type":"post","link":"https:\/\/gentedebasquet.com.ar\/sitio\/2021\/04\/01\/apago-el-incendio-a-tiempo\/","title":{"rendered":"Apag\u00f3 el incendio a tiempo"},"content":{"rendered":"<p><strong>Tras un dominio constante del partido de El Nacional, las llamas empezaron a aparecer en el equipo de Juan Andr\u00e9s. Barracas luch\u00f3 y empat\u00f3 el encuentro en 55, a falta de 6 min para el cierre. Sin embargo, un parcial demoledor del visitante de 14-3, sofoc\u00f3 todo tipo de problema. Finalmente, el celeste consigui\u00f3 su primer victoria por 64-53, en el Bosque.\u00a0<\/strong> <strong>Como mencionamos, el ganador fue el que impuso condiciones, aunque el partido nunca despeg\u00f3 y fue de un desarrollo ordinario y err\u00e1tico (41 p\u00e9rdidas). Este juego signific\u00f3 el debut del \u00e1rbitro Juan Cruz Schernenco, hijo de N\u00e9stor.\u00a0<\/strong> <strong>Valentino Gallardo, autor de 20 puntos (5\/7 t2), fue el goleador del encuentro. Fue secundado por Ignacio Fris\u00f3n, con 16 pts y 9 reb (5 en ataque). Por su parte, en Barracas el que sobresali\u00f3 fue Pablo Pollio con 15 tantos y 8 recobres.<\/strong> <a href=\"http:\/\/www.gentedebasquet.com.ar\/wp-content\/uploads\/2021\/04\/Gif-Publicidades-1-posta-1.gif\"><img decoding=\"async\" class=\"alignnone size-full wp-image-99235\" src=\"http:\/\/www.gentedebasquet.com.ar\/wp-content\/uploads\/2021\/04\/Gif-Publicidades-1-posta-1.gif\" alt=\"\" width=\"300\" height=\"250\" \/><\/a> <iframe loading=\"lazy\" title=\"YouTube video player\" src=\"https:\/\/www.youtube.com\/embed\/KRobQT4eVTw\" width=\"560\" height=\"315\" frameborder=\"0\" allowfullscreen=\"allowfullscreen\"><\/iframe> <a href=\"http:\/\/www.gentedebasquet.com.ar\/wp-content\/uploads\/2021\/04\/Gif-Publicidades-1-posta-2.gif\"><img decoding=\"async\" class=\"alignnone size-full wp-image-99236\" src=\"http:\/\/www.gentedebasquet.com.ar\/wp-content\/uploads\/2021\/04\/Gif-Publicidades-1-posta-2.gif\" alt=\"\" width=\"300\" height=\"250\" \/><\/a> <a href=\"http:\/\/www.gentedebasquet.com.ar\/wp-content\/uploads\/2021\/04\/MVP.jpg\"><img decoding=\"async\" class=\"alignnone size-full wp-image-99237\" src=\"http:\/\/www.gentedebasquet.com.ar\/wp-content\/uploads\/2021\/04\/MVP.jpg\" alt=\"\" width=\"2000\" height=\"2000\" srcset=\"https:\/\/gentedebasquet.com.ar\/sitio\/wp-content\/uploads\/2021\/04\/MVP.jpg 2000w, https:\/\/gentedebasquet.com.ar\/sitio\/wp-content\/uploads\/2021\/04\/MVP-300x300.jpg 300w, https:\/\/gentedebasquet.com.ar\/sitio\/wp-content\/uploads\/2021\/04\/MVP-1024x1024.jpg 1024w, https:\/\/gentedebasquet.com.ar\/sitio\/wp-content\/uploads\/2021\/04\/MVP-150x150.jpg 150w, https:\/\/gentedebasquet.com.ar\/sitio\/wp-content\/uploads\/2021\/04\/MVP-768x768.jpg 768w, https:\/\/gentedebasquet.com.ar\/sitio\/wp-content\/uploads\/2021\/04\/MVP-1536x1536.jpg 1536w\" sizes=\"(max-width: 2000px) 100vw, 2000px\" \/><\/a> <a href=\"http:\/\/www.gentedebasquet.com.ar\/wp-content\/uploads\/2021\/04\/Frison-MVP.jpg\"><img decoding=\"async\" class=\"alignnone size-full wp-image-99244\" src=\"http:\/\/www.gentedebasquet.com.ar\/wp-content\/uploads\/2021\/04\/Frison-MVP.jpg\" alt=\"\" width=\"600\" height=\"400\" srcset=\"https:\/\/gentedebasquet.com.ar\/sitio\/wp-content\/uploads\/2021\/04\/Frison-MVP.jpg 600w, https:\/\/gentedebasquet.com.ar\/sitio\/wp-content\/uploads\/2021\/04\/Frison-MVP-300x200.jpg 300w\" sizes=\"(max-width: 600px) 100vw, 600px\" \/><\/a><\/p>\n<blockquote><p><em>Necesit\u00e1bamos\u00a0volver a jugar que era lo m\u00e1s importante y este torneo nos sirve. La otra vez con Comercial estuvimos cerca y por suerte, conseguimos la victoria. Tenemos un plantel muy joven que va a dar que hablar. La idea del club este a\u00f1o es darle la chance a los chicos, los veo muy bien. La experiencia en el \u00faltimo cuarto nos sirvi\u00f3 para ganar el partido.\u00a0<\/em><strong>Ignacio Fris\u00f3n, jugador de El Nacional.<\/strong><\/p><\/blockquote>\n<p><a href=\"http:\/\/www.gentedebasquet.com.ar\/wp-content\/uploads\/2021\/04\/Gif-Publicidades-3.gif\"><img decoding=\"async\" class=\"alignnone size-full wp-image-99238\" src=\"http:\/\/www.gentedebasquet.com.ar\/wp-content\/uploads\/2021\/04\/Gif-Publicidades-3.gif\" alt=\"\" width=\"300\" height=\"250\" \/><\/a> <strong>S\u00edntesis\u00a0<\/strong>&#8211; Segunda &#8211; Fecha #2 &#8211; Zona A <strong>Barracas 53:\u00a0<\/strong>Juan Manuel P\u00e9rez 8, Tob\u00edas Carballo 5, Mat\u00edas Berger 10, Joaqu\u00edn Ju\u00e1rez 8, Pablo Pollio 15 (FI); Maximiliano Zonza 5, Juan Cruz M\u00e9ndez 2, Jonathan Cruz 0, Mart\u00edn Moretti 0 y Luciano Olivera 0. DT: Mart\u00edn Neyra. <strong>El Nacional 64:<\/strong>\u00a0Franco Guidi 3, Valentino Gallardo 20, Nahuel Dulsan 9, Mariano Blanche 7, Ignacio Fris\u00f3n 16 (FI); Valent\u00edn Carrizo 6, Manuel Echarri 0, Genaro Pisani 0, Santiago Hamze 4, Joaqu\u00edn Sabondo 0, Lisandro Bl\u00e1zquez 0 y Brian Bobb 0. DT: Juan Andr\u00e9s Garc\u00eda. <strong>Parciales:\u00a0<\/strong>14-19, 24-35 (10-16), 43-47 (19-12) y 53-64 (10-17). <strong>\u00c1rbitros:\u00a0<\/strong>Mauro Reyes, Diego Kessler y Juan Cruz Schernenco. <strong>Estadio:\u00a0<\/strong>El Bosque (Barracas). <a href=\"http:\/\/www.gentedebasquet.com.ar\/wp-content\/uploads\/2021\/04\/CLAVE.jpg\"><img decoding=\"async\" class=\"alignnone size-full wp-image-99240\" src=\"http:\/\/www.gentedebasquet.com.ar\/wp-content\/uploads\/2021\/04\/CLAVE.jpg\" alt=\"\" width=\"2000\" height=\"2000\" srcset=\"https:\/\/gentedebasquet.com.ar\/sitio\/wp-content\/uploads\/2021\/04\/CLAVE.jpg 2000w, https:\/\/gentedebasquet.com.ar\/sitio\/wp-content\/uploads\/2021\/04\/CLAVE-300x300.jpg 300w, https:\/\/gentedebasquet.com.ar\/sitio\/wp-content\/uploads\/2021\/04\/CLAVE-1024x1024.jpg 1024w, https:\/\/gentedebasquet.com.ar\/sitio\/wp-content\/uploads\/2021\/04\/CLAVE-150x150.jpg 150w, https:\/\/gentedebasquet.com.ar\/sitio\/wp-content\/uploads\/2021\/04\/CLAVE-768x768.jpg 768w, https:\/\/gentedebasquet.com.ar\/sitio\/wp-content\/uploads\/2021\/04\/CLAVE-1536x1536.jpg 1536w\" sizes=\"(max-width: 2000px) 100vw, 2000px\" \/><\/a> <a href=\"http:\/\/www.gentedebasquet.com.ar\/wp-content\/uploads\/2021\/04\/Gif-Publicidades-4-1.gif\"><img decoding=\"async\" class=\"alignnone size-full wp-image-99241\" src=\"http:\/\/www.gentedebasquet.com.ar\/wp-content\/uploads\/2021\/04\/Gif-Publicidades-4-1.gif\" alt=\"\" width=\"300\" height=\"250\" \/><\/a> <a href=\"http:\/\/www.gentedebasquet.com.ar\/wp-content\/uploads\/2021\/04\/Desarrollo-BAR-VS-CEN.jpg\"><img decoding=\"async\" class=\"alignnone size-full wp-image-99243\" src=\"http:\/\/www.gentedebasquet.com.ar\/wp-content\/uploads\/2021\/04\/Desarrollo-BAR-VS-CEN.jpg\" alt=\"\" width=\"600\" height=\"400\" srcset=\"https:\/\/gentedebasquet.com.ar\/sitio\/wp-content\/uploads\/2021\/04\/Desarrollo-BAR-VS-CEN.jpg 600w, https:\/\/gentedebasquet.com.ar\/sitio\/wp-content\/uploads\/2021\/04\/Desarrollo-BAR-VS-CEN-300x200.jpg 300w\" sizes=\"(max-width: 600px) 100vw, 600px\" \/><\/a><\/p>\n","protected":false},"excerpt":{"rendered":"<p>En un tr\u00e1mite de juego desprolijo, El Nacional fue un poquito mejor y festej\u00f3.<\/p>\n","protected":false},"author":1,"featured_media":99242,"comment_status":"closed","ping_status":"open","sticky":false,"template":"","format":"standard","meta":{"jnews-multi-image_gallery":[],"jnews_single_post":[],"jnews_primary_category":[],"footnotes":""},"categories":[25,101],"tags":[6,9,1258,609,1720],"class_list":["post-99227","post","type-post","status-publish","format-standard","has-post-thumbnail","hentry","category-segunda","category-slide","tag-barracas-central","tag-el-nacional","tag-ignacio-frison","tag-pablo-pollio","tag-valentin-gallardo"],"yoast_head":"<!-- This site is optimized with the Yoast SEO plugin v27.5 - https:\/\/yoast.com\/product\/yoast-seo-wordpress\/ -->\n<title>Apag\u00f3 el incendio a tiempo - Gente de B\u00e1squet<\/title>\n<meta name=\"robots\" content=\"index, follow, max-snippet:-1, max-image-preview:large, max-video-preview:-1\" \/>\n<link rel=\"canonical\" href=\"https:\/\/gentedebasquet.com.ar\/sitio\/2021\/04\/01\/apago-el-incendio-a-tiempo\/\" \/>\n<meta property=\"og:locale\" content=\"es_ES\" \/>\n<meta property=\"og:type\" content=\"article\" \/>\n<meta property=\"og:title\" content=\"Apag\u00f3 el incendio a tiempo - Gente de B\u00e1squet\" \/>\n<meta property=\"og:description\" content=\"En un tr\u00e1mite de juego desprolijo, El Nacional fue un poquito mejor y festej\u00f3.\" \/>\n<meta property=\"og:url\" content=\"https:\/\/gentedebasquet.com.ar\/sitio\/2021\/04\/01\/apago-el-incendio-a-tiempo\/\" \/>\n<meta property=\"og:site_name\" content=\"Gente de B\u00e1squet\" \/>\n<meta property=\"article:published_time\" content=\"2021-04-02T02:45:16+00:00\" \/>\n<meta property=\"og:image\" content=\"https:\/\/gentedebasquet.com.ar\/sitio\/wp-content\/uploads\/2021\/04\/Destacada-BAR-VS-CEN.jpg\" \/>\n\t<meta property=\"og:image:width\" content=\"690\" \/>\n\t<meta property=\"og:image:height\" content=\"319\" \/>\n\t<meta property=\"og:image:type\" content=\"image\/jpeg\" \/>\n<meta name=\"author\" content=\"Gente de B\u00e1squet\" \/>\n<meta name=\"twitter:card\" content=\"summary_large_image\" \/>\n<meta name=\"twitter:label1\" content=\"Escrito por\" \/>\n\t<meta name=\"twitter:data1\" content=\"Gente de B\u00e1squet\" \/>\n\t<meta name=\"twitter:label2\" content=\"Tiempo de lectura\" \/>\n\t<meta name=\"twitter:data2\" content=\"2 minutos\" \/>\n<script type=\"application\/ld+json\" class=\"yoast-schema-graph\">{\"@context\":\"https:\\\/\\\/schema.org\",\"@graph\":[{\"@type\":\"Article\",\"@id\":\"https:\\\/\\\/gentedebasquet.com.ar\\\/sitio\\\/2021\\\/04\\\/01\\\/apago-el-incendio-a-tiempo\\\/#article\",\"isPartOf\":{\"@id\":\"https:\\\/\\\/gentedebasquet.com.ar\\\/sitio\\\/2021\\\/04\\\/01\\\/apago-el-incendio-a-tiempo\\\/\"},\"author\":{\"name\":\"Gente de B\u00e1squet\",\"@id\":\"http:\\\/\\\/gentedebasquet.com.ar\\\/sitio\\\/#\\\/schema\\\/person\\\/ca0b63bbb977369988a7bbbdc519943a\"},\"headline\":\"Apag\u00f3 el incendio a tiempo\",\"datePublished\":\"2021-04-02T02:45:16+00:00\",\"mainEntityOfPage\":{\"@id\":\"https:\\\/\\\/gentedebasquet.com.ar\\\/sitio\\\/2021\\\/04\\\/01\\\/apago-el-incendio-a-tiempo\\\/\"},\"wordCount\":325,\"image\":{\"@id\":\"https:\\\/\\\/gentedebasquet.com.ar\\\/sitio\\\/2021\\\/04\\\/01\\\/apago-el-incendio-a-tiempo\\\/#primaryimage\"},\"thumbnailUrl\":\"https:\\\/\\\/gentedebasquet.com.ar\\\/sitio\\\/wp-content\\\/uploads\\\/2021\\\/04\\\/Destacada-BAR-VS-CEN.jpg\",\"keywords\":[\"Barracas Central\",\"El Nacional\",\"Ignacio Fris\u00f3n\",\"Pablo Pollio\",\"Valent\u00edn Gallardo\"],\"articleSection\":[\"Segunda\",\"Slide\"],\"inLanguage\":\"es\"},{\"@type\":\"WebPage\",\"@id\":\"https:\\\/\\\/gentedebasquet.com.ar\\\/sitio\\\/2021\\\/04\\\/01\\\/apago-el-incendio-a-tiempo\\\/\",\"url\":\"https:\\\/\\\/gentedebasquet.com.ar\\\/sitio\\\/2021\\\/04\\\/01\\\/apago-el-incendio-a-tiempo\\\/\",\"name\":\"Apag\u00f3 el incendio a tiempo - Gente de B\u00e1squet\",\"isPartOf\":{\"@id\":\"http:\\\/\\\/gentedebasquet.com.ar\\\/sitio\\\/#website\"},\"primaryImageOfPage\":{\"@id\":\"https:\\\/\\\/gentedebasquet.com.ar\\\/sitio\\\/2021\\\/04\\\/01\\\/apago-el-incendio-a-tiempo\\\/#primaryimage\"},\"image\":{\"@id\":\"https:\\\/\\\/gentedebasquet.com.ar\\\/sitio\\\/2021\\\/04\\\/01\\\/apago-el-incendio-a-tiempo\\\/#primaryimage\"},\"thumbnailUrl\":\"https:\\\/\\\/gentedebasquet.com.ar\\\/sitio\\\/wp-content\\\/uploads\\\/2021\\\/04\\\/Destacada-BAR-VS-CEN.jpg\",\"datePublished\":\"2021-04-02T02:45:16+00:00\",\"author\":{\"@id\":\"http:\\\/\\\/gentedebasquet.com.ar\\\/sitio\\\/#\\\/schema\\\/person\\\/ca0b63bbb977369988a7bbbdc519943a\"},\"breadcrumb\":{\"@id\":\"https:\\\/\\\/gentedebasquet.com.ar\\\/sitio\\\/2021\\\/04\\\/01\\\/apago-el-incendio-a-tiempo\\\/#breadcrumb\"},\"inLanguage\":\"es\",\"potentialAction\":[{\"@type\":\"ReadAction\",\"target\":[\"https:\\\/\\\/gentedebasquet.com.ar\\\/sitio\\\/2021\\\/04\\\/01\\\/apago-el-incendio-a-tiempo\\\/\"]}]},{\"@type\":\"ImageObject\",\"inLanguage\":\"es\",\"@id\":\"https:\\\/\\\/gentedebasquet.com.ar\\\/sitio\\\/2021\\\/04\\\/01\\\/apago-el-incendio-a-tiempo\\\/#primaryimage\",\"url\":\"https:\\\/\\\/gentedebasquet.com.ar\\\/sitio\\\/wp-content\\\/uploads\\\/2021\\\/04\\\/Destacada-BAR-VS-CEN.jpg\",\"contentUrl\":\"https:\\\/\\\/gentedebasquet.com.ar\\\/sitio\\\/wp-content\\\/uploads\\\/2021\\\/04\\\/Destacada-BAR-VS-CEN.jpg\",\"width\":690,\"height\":319},{\"@type\":\"BreadcrumbList\",\"@id\":\"https:\\\/\\\/gentedebasquet.com.ar\\\/sitio\\\/2021\\\/04\\\/01\\\/apago-el-incendio-a-tiempo\\\/#breadcrumb\",\"itemListElement\":[{\"@type\":\"ListItem\",\"position\":1,\"name\":\"Portada\",\"item\":\"http:\\\/\\\/gentedebasquet.com.ar\\\/sitio\\\/\"},{\"@type\":\"ListItem\",\"position\":2,\"name\":\"Apag\u00f3 el incendio a tiempo\"}]},{\"@type\":\"WebSite\",\"@id\":\"http:\\\/\\\/gentedebasquet.com.ar\\\/sitio\\\/#website\",\"url\":\"http:\\\/\\\/gentedebasquet.com.ar\\\/sitio\\\/\",\"name\":\"Gente de B\u00e1squet\",\"description\":\"La revista del basquet de Bah\u00eda Blanca\",\"potentialAction\":[{\"@type\":\"SearchAction\",\"target\":{\"@type\":\"EntryPoint\",\"urlTemplate\":\"http:\\\/\\\/gentedebasquet.com.ar\\\/sitio\\\/?s={search_term_string}\"},\"query-input\":{\"@type\":\"PropertyValueSpecification\",\"valueRequired\":true,\"valueName\":\"search_term_string\"}}],\"inLanguage\":\"es\"},{\"@type\":\"Person\",\"@id\":\"http:\\\/\\\/gentedebasquet.com.ar\\\/sitio\\\/#\\\/schema\\\/person\\\/ca0b63bbb977369988a7bbbdc519943a\",\"name\":\"Gente de B\u00e1squet\",\"image\":{\"@type\":\"ImageObject\",\"inLanguage\":\"es\",\"@id\":\"https:\\\/\\\/secure.gravatar.com\\\/avatar\\\/7f2c48bdc33b30088f941fb6082e555f2874c98e20cb159d7b92b50eadfce793?s=96&d=mm&r=g\",\"url\":\"https:\\\/\\\/secure.gravatar.com\\\/avatar\\\/7f2c48bdc33b30088f941fb6082e555f2874c98e20cb159d7b92b50eadfce793?s=96&d=mm&r=g\",\"contentUrl\":\"https:\\\/\\\/secure.gravatar.com\\\/avatar\\\/7f2c48bdc33b30088f941fb6082e555f2874c98e20cb159d7b92b50eadfce793?s=96&d=mm&r=g\",\"caption\":\"Gente de B\u00e1squet\"},\"sameAs\":[\"http:\\\/\\\/gentedebasquet.com.ar\\\/sitio\"],\"url\":\"https:\\\/\\\/gentedebasquet.com.ar\\\/sitio\\\/author\\\/ulises\\\/\"}]}<\/script>\n<!-- \/ Yoast SEO plugin. -->","yoast_head_json":{"title":"Apag\u00f3 el incendio a tiempo - Gente de B\u00e1squet","robots":{"index":"index","follow":"follow","max-snippet":"max-snippet:-1","max-image-preview":"max-image-preview:large","max-video-preview":"max-video-preview:-1"},"canonical":"https:\/\/gentedebasquet.com.ar\/sitio\/2021\/04\/01\/apago-el-incendio-a-tiempo\/","og_locale":"es_ES","og_type":"article","og_title":"Apag\u00f3 el incendio a tiempo - Gente de B\u00e1squet","og_description":"En un tr\u00e1mite de juego desprolijo, El Nacional fue un poquito mejor y festej\u00f3.","og_url":"https:\/\/gentedebasquet.com.ar\/sitio\/2021\/04\/01\/apago-el-incendio-a-tiempo\/","og_site_name":"Gente de B\u00e1squet","article_published_time":"2021-04-02T02:45:16+00:00","og_image":[{"width":690,"height":319,"url":"https:\/\/gentedebasquet.com.ar\/sitio\/wp-content\/uploads\/2021\/04\/Destacada-BAR-VS-CEN.jpg","type":"image\/jpeg"}],"author":"Gente de B\u00e1squet","twitter_card":"summary_large_image","twitter_misc":{"Escrito por":"Gente de B\u00e1squet","Tiempo de lectura":"2 minutos"},"schema":{"@context":"https:\/\/schema.org","@graph":[{"@type":"Article","@id":"https:\/\/gentedebasquet.com.ar\/sitio\/2021\/04\/01\/apago-el-incendio-a-tiempo\/#article","isPartOf":{"@id":"https:\/\/gentedebasquet.com.ar\/sitio\/2021\/04\/01\/apago-el-incendio-a-tiempo\/"},"author":{"name":"Gente de B\u00e1squet","@id":"http:\/\/gentedebasquet.com.ar\/sitio\/#\/schema\/person\/ca0b63bbb977369988a7bbbdc519943a"},"headline":"Apag\u00f3 el incendio a tiempo","datePublished":"2021-04-02T02:45:16+00:00","mainEntityOfPage":{"@id":"https:\/\/gentedebasquet.com.ar\/sitio\/2021\/04\/01\/apago-el-incendio-a-tiempo\/"},"wordCount":325,"image":{"@id":"https:\/\/gentedebasquet.com.ar\/sitio\/2021\/04\/01\/apago-el-incendio-a-tiempo\/#primaryimage"},"thumbnailUrl":"https:\/\/gentedebasquet.com.ar\/sitio\/wp-content\/uploads\/2021\/04\/Destacada-BAR-VS-CEN.jpg","keywords":["Barracas Central","El Nacional","Ignacio Fris\u00f3n","Pablo Pollio","Valent\u00edn Gallardo"],"articleSection":["Segunda","Slide"],"inLanguage":"es"},{"@type":"WebPage","@id":"https:\/\/gentedebasquet.com.ar\/sitio\/2021\/04\/01\/apago-el-incendio-a-tiempo\/","url":"https:\/\/gentedebasquet.com.ar\/sitio\/2021\/04\/01\/apago-el-incendio-a-tiempo\/","name":"Apag\u00f3 el incendio a tiempo - Gente de B\u00e1squet","isPartOf":{"@id":"http:\/\/gentedebasquet.com.ar\/sitio\/#website"},"primaryImageOfPage":{"@id":"https:\/\/gentedebasquet.com.ar\/sitio\/2021\/04\/01\/apago-el-incendio-a-tiempo\/#primaryimage"},"image":{"@id":"https:\/\/gentedebasquet.com.ar\/sitio\/2021\/04\/01\/apago-el-incendio-a-tiempo\/#primaryimage"},"thumbnailUrl":"https:\/\/gentedebasquet.com.ar\/sitio\/wp-content\/uploads\/2021\/04\/Destacada-BAR-VS-CEN.jpg","datePublished":"2021-04-02T02:45:16+00:00","author":{"@id":"http:\/\/gentedebasquet.com.ar\/sitio\/#\/schema\/person\/ca0b63bbb977369988a7bbbdc519943a"},"breadcrumb":{"@id":"https:\/\/gentedebasquet.com.ar\/sitio\/2021\/04\/01\/apago-el-incendio-a-tiempo\/#breadcrumb"},"inLanguage":"es","potentialAction":[{"@type":"ReadAction","target":["https:\/\/gentedebasquet.com.ar\/sitio\/2021\/04\/01\/apago-el-incendio-a-tiempo\/"]}]},{"@type":"ImageObject","inLanguage":"es","@id":"https:\/\/gentedebasquet.com.ar\/sitio\/2021\/04\/01\/apago-el-incendio-a-tiempo\/#primaryimage","url":"https:\/\/gentedebasquet.com.ar\/sitio\/wp-content\/uploads\/2021\/04\/Destacada-BAR-VS-CEN.jpg","contentUrl":"https:\/\/gentedebasquet.com.ar\/sitio\/wp-content\/uploads\/2021\/04\/Destacada-BAR-VS-CEN.jpg","width":690,"height":319},{"@type":"BreadcrumbList","@id":"https:\/\/gentedebasquet.com.ar\/sitio\/2021\/04\/01\/apago-el-incendio-a-tiempo\/#breadcrumb","itemListElement":[{"@type":"ListItem","position":1,"name":"Portada","item":"http:\/\/gentedebasquet.com.ar\/sitio\/"},{"@type":"ListItem","position":2,"name":"Apag\u00f3 el incendio a tiempo"}]},{"@type":"WebSite","@id":"http:\/\/gentedebasquet.com.ar\/sitio\/#website","url":"http:\/\/gentedebasquet.com.ar\/sitio\/","name":"Gente de B\u00e1squet","description":"La revista del basquet de Bah\u00eda Blanca","potentialAction":[{"@type":"SearchAction","target":{"@type":"EntryPoint","urlTemplate":"http:\/\/gentedebasquet.com.ar\/sitio\/?s={search_term_string}"},"query-input":{"@type":"PropertyValueSpecification","valueRequired":true,"valueName":"search_term_string"}}],"inLanguage":"es"},{"@type":"Person","@id":"http:\/\/gentedebasquet.com.ar\/sitio\/#\/schema\/person\/ca0b63bbb977369988a7bbbdc519943a","name":"Gente de B\u00e1squet","image":{"@type":"ImageObject","inLanguage":"es","@id":"https:\/\/secure.gravatar.com\/avatar\/7f2c48bdc33b30088f941fb6082e555f2874c98e20cb159d7b92b50eadfce793?s=96&d=mm&r=g","url":"https:\/\/secure.gravatar.com\/avatar\/7f2c48bdc33b30088f941fb6082e555f2874c98e20cb159d7b92b50eadfce793?s=96&d=mm&r=g","contentUrl":"https:\/\/secure.gravatar.com\/avatar\/7f2c48bdc33b30088f941fb6082e555f2874c98e20cb159d7b92b50eadfce793?s=96&d=mm&r=g","caption":"Gente de B\u00e1squet"},"sameAs":["http:\/\/gentedebasquet.com.ar\/sitio"],"url":"https:\/\/gentedebasquet.com.ar\/sitio\/author\/ulises\/"}]}},"_links":{"self":[{"href":"https:\/\/gentedebasquet.com.ar\/sitio\/wp-json\/wp\/v2\/posts\/99227","targetHints":{"allow":["GET"]}}],"collection":[{"href":"https:\/\/gentedebasquet.com.ar\/sitio\/wp-json\/wp\/v2\/posts"}],"about":[{"href":"https:\/\/gentedebasquet.com.ar\/sitio\/wp-json\/wp\/v2\/types\/post"}],"author":[{"embeddable":true,"href":"https:\/\/gentedebasquet.com.ar\/sitio\/wp-json\/wp\/v2\/users\/1"}],"replies":[{"embeddable":true,"href":"https:\/\/gentedebasquet.com.ar\/sitio\/wp-json\/wp\/v2\/comments?post=99227"}],"version-history":[{"count":0,"href":"https:\/\/gentedebasquet.com.ar\/sitio\/wp-json\/wp\/v2\/posts\/99227\/revisions"}],"wp:featuredmedia":[{"embeddable":true,"href":"https:\/\/gentedebasquet.com.ar\/sitio\/wp-json\/wp\/v2\/media\/99242"}],"wp:attachment":[{"href":"https:\/\/gentedebasquet.com.ar\/sitio\/wp-json\/wp\/v2\/media?parent=99227"}],"wp:term":[{"taxonomy":"category","embeddable":true,"href":"https:\/\/gentedebasquet.com.ar\/sitio\/wp-json\/wp\/v2\/categories?post=99227"},{"taxonomy":"post_tag","embeddable":true,"href":"https:\/\/gentedebasquet.com.ar\/sitio\/wp-json\/wp\/v2\/tags?post=99227"}],"curies":[{"name":"wp","href":"https:\/\/api.w.org\/{rel}","templated":true}]}}