{"id":99247,"date":"2021-04-01T23:55:25","date_gmt":"2021-04-02T02:55:25","guid":{"rendered":"http:\/\/www.gentedebasquet.com.ar\/?p=99247"},"modified":"2021-04-01T23:55:25","modified_gmt":"2021-04-02T02:55:25","slug":"el-naranja-arranco-en-una-ferrari","status":"publish","type":"post","link":"https:\/\/gentedebasquet.com.ar\/sitio\/2021\/04\/01\/el-naranja-arranco-en-una-ferrari\/","title":{"rendered":"El naranja arranc\u00f3 en una Ferrari"},"content":{"rendered":"<p><strong>Por la fecha N\u00b02 de la Zona A correspondiente al Torneo de Segunda Divisi\u00f3n, San Lorenzo del Sud se hizo fuerte en casa para iniciar su participaci\u00f3n con un buen triunfo ante Velocidad y Resistencia por 69 a 58. Tras disputar tres cuartos sumamente parejos, los dirigidos por Claudio Queti lograron quebrar el tr\u00e1mite en el comienzo del 4C con un arrollador parcial de 16-5 que le permiti\u00f3 sacar doble d\u00edgito de diferencia (63-52). En el ganador se destac\u00f3 Franco Ferrari con 23 puntos (9\/15 T2 y 5\/9 TL) y 11 rebotes. El n\u00famero 8, tuvo de laderos al retornado Luciano Fortelli (15pts + 8rebs + 3asists) y Federico Biggi (10pts con 5\/8 T2 y 7rebs). Por parte de los conducidos por Gustavo Candia sobresali\u00f3 Mart\u00edn Quevedo sumando 18 puntos (3\/6 T2 + 3\/3 TL).<\/strong><\/p>\n<p>&nbsp;<\/p>\n<p><a href=\"http:\/\/www.gentedebasquet.com.ar\/wp-content\/uploads\/2021\/04\/Gif-Publicidades-1-posta-1.gif\"><img decoding=\"async\" class=\"size-full wp-image-99235 aligncenter\" src=\"http:\/\/www.gentedebasquet.com.ar\/wp-content\/uploads\/2021\/04\/Gif-Publicidades-1-posta-1.gif\" alt=\"\" width=\"300\" height=\"250\" \/><\/a><\/p>\n<p>&nbsp;<\/p>\n<p style=\"text-align: center;\">[youtube]https:\/\/www.youtube.com\/watch?v=YAVEjX2BiqQ[\/youtube]<\/p>\n<p>&nbsp;<\/p>\n<p><a href=\"http:\/\/www.gentedebasquet.com.ar\/wp-content\/uploads\/2021\/04\/Gif-Publicidades-1-posta-2.gif\"><img decoding=\"async\" class=\"size-full wp-image-99236 aligncenter\" src=\"http:\/\/www.gentedebasquet.com.ar\/wp-content\/uploads\/2021\/04\/Gif-Publicidades-1-posta-2.gif\" alt=\"\" width=\"300\" height=\"250\" \/><\/a><\/p>\n<p>&nbsp;<\/p>\n<p><a href=\"http:\/\/www.gentedebasquet.com.ar\/wp-content\/uploads\/2021\/04\/Franco-Ferrari-MVP.jpg\"><img decoding=\"async\" class=\"wp-image-99251 size-full aligncenter\" src=\"http:\/\/www.gentedebasquet.com.ar\/wp-content\/uploads\/2021\/04\/Franco-Ferrari-MVP.jpg\" alt=\"\" width=\"640\" height=\"480\" srcset=\"https:\/\/gentedebasquet.com.ar\/sitio\/wp-content\/uploads\/2021\/04\/Franco-Ferrari-MVP.jpg 640w, https:\/\/gentedebasquet.com.ar\/sitio\/wp-content\/uploads\/2021\/04\/Franco-Ferrari-MVP-300x225.jpg 300w\" sizes=\"(max-width: 640px) 100vw, 640px\" \/><\/a><\/p>\n<p><a href=\"http:\/\/www.gentedebasquet.com.ar\/wp-content\/uploads\/2021\/04\/Franco-Ferrari.jpg\"><img decoding=\"async\" class=\"wp-image-99252 size-full aligncenter\" src=\"http:\/\/www.gentedebasquet.com.ar\/wp-content\/uploads\/2021\/04\/Franco-Ferrari.jpg\" alt=\"\" width=\"640\" height=\"480\" srcset=\"https:\/\/gentedebasquet.com.ar\/sitio\/wp-content\/uploads\/2021\/04\/Franco-Ferrari.jpg 640w, https:\/\/gentedebasquet.com.ar\/sitio\/wp-content\/uploads\/2021\/04\/Franco-Ferrari-300x225.jpg 300w\" sizes=\"(max-width: 640px) 100vw, 640px\" \/><\/a><\/p>\n<p>&nbsp;<\/p>\n<blockquote><p>Estamos muy contentos por volver a competir y creo que la que conseguimos hoy es una buena victoria para arrancar con el pie derecho este torneo. Haber arrancado con una diferencia no tan holgada pero buena, contra un rival desconocido, siempre est\u00e1 bueno para la idea que tenemos de pelear esta zona. Creo que la clave estuvo en la defensa fuerte que hicimos y en que en el ST se nos abri\u00f3 el aro, haci\u00e9ndonos crecer en confianza y permiti\u00e9ndonos hacer m\u00e1s puntos que en la PT en donde hab\u00edamos metido menos de 30. Nuestra idea es prepararnos para el oficial compitiendo de buena forma en este torneo que es algo extra\u00f1o (Franco Ferrari \u2013 San Lorenzo)<\/p><\/blockquote>\n<p>&nbsp;<\/p>\n<p><a href=\"http:\/\/www.gentedebasquet.com.ar\/wp-content\/uploads\/2021\/04\/Gif-Publicidades-3.gif\"><img decoding=\"async\" class=\"size-full wp-image-99238 aligncenter\" src=\"http:\/\/www.gentedebasquet.com.ar\/wp-content\/uploads\/2021\/04\/Gif-Publicidades-3.gif\" alt=\"\" width=\"300\" height=\"250\" \/><\/a><\/p>\n<p>&nbsp;<\/p>\n<p><strong>S\u00edntesis |<\/strong>\u00a0Segunda Divisi\u00f3n \u2013 Fecha #2 \u2013 Zona A<\/p>\n<p><strong>San Lorenzo del Sud 69:<\/strong> Alejo Agullo 5, Agust\u00edn Astradas 3, Federico Biggi 10, Franco Ferrari 23 y Mauro Montanaro 5 (FI); Joaqu\u00edn Coria 0, Nicol\u00e1s Mu\u00f1oz 0, Luciano Fortelli 15 y Esteban Benedetti 8.<strong>DT:<\/strong>\u00a0Claudio Queti.<\/p>\n<p><strong>Velocidad y Resistencia 58:<\/strong> Tadeo L\u00f3pez Hoyos 9, Lautaro Pirul 5, Mart\u00edn Quevedo 18, Franco Bucca 0 y Luciano Vecchi 9 (X) (FI); Juan Paronetto 6, Bruno Herrera 0, Milton Ruesga 7, Francisco Appella 4 y Tadeo P\u00e9rez 0. <strong>DT:<\/strong>\u00a0Gustavo Candia.<\/p>\n<p><strong>Parciales:<\/strong>\u00a017-13, 27-26 (10-13), 51-47 (24-21) y 69-58 (18-11).<\/p>\n<p><strong>\u00c1rbitros:<\/strong>\u00a0Emanuel S\u00e1nchez \u2013 Nicol\u00e1s Larrasolo \u2013 Juan Gabriel Jaramillo.<\/p>\n<p><strong>Estadio:<\/strong>\u00a0Rom\u00e1n Avecilla (San Lorenzo del Sud).<\/p>\n<p>&nbsp;<\/p>\n<p><a href=\"http:\/\/www.gentedebasquet.com.ar\/wp-content\/uploads\/2021\/04\/San-Lorenzo-del-Sud-Velocidad-y-Resistencia-CLAVE.jpg\"><img decoding=\"async\" class=\"wp-image-99250 size-full aligncenter\" src=\"http:\/\/www.gentedebasquet.com.ar\/wp-content\/uploads\/2021\/04\/San-Lorenzo-del-Sud-Velocidad-y-Resistencia-CLAVE.jpg\" alt=\"\" width=\"640\" height=\"480\" srcset=\"https:\/\/gentedebasquet.com.ar\/sitio\/wp-content\/uploads\/2021\/04\/San-Lorenzo-del-Sud-Velocidad-y-Resistencia-CLAVE.jpg 640w, https:\/\/gentedebasquet.com.ar\/sitio\/wp-content\/uploads\/2021\/04\/San-Lorenzo-del-Sud-Velocidad-y-Resistencia-CLAVE-300x225.jpg 300w\" sizes=\"(max-width: 640px) 100vw, 640px\" \/><\/a><\/p>\n<p>&nbsp;<\/p>\n<p><a href=\"http:\/\/www.gentedebasquet.com.ar\/wp-content\/uploads\/2021\/04\/Gif-Publicidades-4-1.gif\"><img decoding=\"async\" class=\"size-full wp-image-99241 aligncenter\" src=\"http:\/\/www.gentedebasquet.com.ar\/wp-content\/uploads\/2021\/04\/Gif-Publicidades-4-1.gif\" alt=\"\" width=\"300\" height=\"250\" \/><\/a><\/p>\n<p>&nbsp;<\/p>\n<p><a href=\"http:\/\/www.gentedebasquet.com.ar\/wp-content\/uploads\/2021\/04\/SL-VyR-Foto-interior.jpg\"><img decoding=\"async\" class=\"wp-image-99249 size-full aligncenter\" src=\"http:\/\/www.gentedebasquet.com.ar\/wp-content\/uploads\/2021\/04\/SL-VyR-Foto-interior.jpg\" alt=\"\" width=\"640\" height=\"480\" srcset=\"https:\/\/gentedebasquet.com.ar\/sitio\/wp-content\/uploads\/2021\/04\/SL-VyR-Foto-interior.jpg 640w, https:\/\/gentedebasquet.com.ar\/sitio\/wp-content\/uploads\/2021\/04\/SL-VyR-Foto-interior-300x225.jpg 300w\" sizes=\"(max-width: 640px) 100vw, 640px\" \/><\/a><\/p>\n<p>&nbsp;<\/p>\n","protected":false},"excerpt":{"rendered":"<p>Con 23 puntos de Franco, San Lorenzo inici\u00f3 el torneo con triunfo 69-58 ante Velocidad.<\/p>\n","protected":false},"author":1,"featured_media":99248,"comment_status":"closed","ping_status":"open","sticky":false,"template":"","format":"standard","meta":{"jnews-multi-image_gallery":[],"jnews_single_post":[],"jnews_primary_category":[],"footnotes":""},"categories":[25,101],"tags":[1145,624,1834,1712,315,1293],"class_list":["post-99247","post","type-post","status-publish","format-standard","has-post-thumbnail","hentry","category-segunda","category-slide","tag-claudio-queti","tag-federico-biggi","tag-franco-ferrari","tag-gustavo-candia","tag-luciano-fortelli","tag-martin-quevedo"],"yoast_head":"<!-- This site is optimized with the Yoast SEO plugin v27.5 - https:\/\/yoast.com\/product\/yoast-seo-wordpress\/ -->\n<title>El naranja arranc\u00f3 en una Ferrari - Gente de B\u00e1squet<\/title>\n<meta name=\"robots\" content=\"index, follow, max-snippet:-1, max-image-preview:large, max-video-preview:-1\" \/>\n<link rel=\"canonical\" href=\"https:\/\/gentedebasquet.com.ar\/sitio\/2021\/04\/01\/el-naranja-arranco-en-una-ferrari\/\" \/>\n<meta property=\"og:locale\" content=\"es_ES\" \/>\n<meta property=\"og:type\" content=\"article\" \/>\n<meta property=\"og:title\" content=\"El naranja arranc\u00f3 en una Ferrari - Gente de B\u00e1squet\" \/>\n<meta property=\"og:description\" content=\"Con 23 puntos de Franco, San Lorenzo inici\u00f3 el torneo con triunfo 69-58 ante Velocidad.\" \/>\n<meta property=\"og:url\" content=\"https:\/\/gentedebasquet.com.ar\/sitio\/2021\/04\/01\/el-naranja-arranco-en-una-ferrari\/\" \/>\n<meta property=\"og:site_name\" content=\"Gente de B\u00e1squet\" \/>\n<meta property=\"article:published_time\" content=\"2021-04-02T02:55:25+00:00\" \/>\n<meta property=\"og:image\" content=\"https:\/\/gentedebasquet.com.ar\/sitio\/wp-content\/uploads\/2021\/04\/SL-VyR-Foto-principal.jpg\" \/>\n\t<meta property=\"og:image:width\" content=\"690\" \/>\n\t<meta property=\"og:image:height\" content=\"319\" \/>\n\t<meta property=\"og:image:type\" content=\"image\/jpeg\" \/>\n<meta name=\"author\" content=\"Gente de B\u00e1squet\" \/>\n<meta name=\"twitter:card\" content=\"summary_large_image\" \/>\n<meta name=\"twitter:label1\" content=\"Escrito por\" \/>\n\t<meta name=\"twitter:data1\" content=\"Gente de B\u00e1squet\" \/>\n\t<meta name=\"twitter:label2\" content=\"Tiempo de lectura\" \/>\n\t<meta name=\"twitter:data2\" content=\"2 minutos\" \/>\n<script type=\"application\/ld+json\" class=\"yoast-schema-graph\">{\"@context\":\"https:\\\/\\\/schema.org\",\"@graph\":[{\"@type\":\"Article\",\"@id\":\"https:\\\/\\\/gentedebasquet.com.ar\\\/sitio\\\/2021\\\/04\\\/01\\\/el-naranja-arranco-en-una-ferrari\\\/#article\",\"isPartOf\":{\"@id\":\"https:\\\/\\\/gentedebasquet.com.ar\\\/sitio\\\/2021\\\/04\\\/01\\\/el-naranja-arranco-en-una-ferrari\\\/\"},\"author\":{\"name\":\"Gente de B\u00e1squet\",\"@id\":\"https:\\\/\\\/gentedebasquet.com.ar\\\/sitio\\\/#\\\/schema\\\/person\\\/ca0b63bbb977369988a7bbbdc519943a\"},\"headline\":\"El naranja arranc\u00f3 en una Ferrari\",\"datePublished\":\"2021-04-02T02:55:25+00:00\",\"mainEntityOfPage\":{\"@id\":\"https:\\\/\\\/gentedebasquet.com.ar\\\/sitio\\\/2021\\\/04\\\/01\\\/el-naranja-arranco-en-una-ferrari\\\/\"},\"wordCount\":375,\"image\":{\"@id\":\"https:\\\/\\\/gentedebasquet.com.ar\\\/sitio\\\/2021\\\/04\\\/01\\\/el-naranja-arranco-en-una-ferrari\\\/#primaryimage\"},\"thumbnailUrl\":\"https:\\\/\\\/gentedebasquet.com.ar\\\/sitio\\\/wp-content\\\/uploads\\\/2021\\\/04\\\/SL-VyR-Foto-principal.jpg\",\"keywords\":[\"Claudio Queti\",\"Federico Biggi\",\"Franco Ferrari\",\"Gustavo Candia\",\"Luciano Fortelli\",\"Mart\u00edn Quevedo\"],\"articleSection\":[\"Segunda\",\"Slide\"],\"inLanguage\":\"es\"},{\"@type\":\"WebPage\",\"@id\":\"https:\\\/\\\/gentedebasquet.com.ar\\\/sitio\\\/2021\\\/04\\\/01\\\/el-naranja-arranco-en-una-ferrari\\\/\",\"url\":\"https:\\\/\\\/gentedebasquet.com.ar\\\/sitio\\\/2021\\\/04\\\/01\\\/el-naranja-arranco-en-una-ferrari\\\/\",\"name\":\"El naranja arranc\u00f3 en una Ferrari - Gente de B\u00e1squet\",\"isPartOf\":{\"@id\":\"https:\\\/\\\/gentedebasquet.com.ar\\\/sitio\\\/#website\"},\"primaryImageOfPage\":{\"@id\":\"https:\\\/\\\/gentedebasquet.com.ar\\\/sitio\\\/2021\\\/04\\\/01\\\/el-naranja-arranco-en-una-ferrari\\\/#primaryimage\"},\"image\":{\"@id\":\"https:\\\/\\\/gentedebasquet.com.ar\\\/sitio\\\/2021\\\/04\\\/01\\\/el-naranja-arranco-en-una-ferrari\\\/#primaryimage\"},\"thumbnailUrl\":\"https:\\\/\\\/gentedebasquet.com.ar\\\/sitio\\\/wp-content\\\/uploads\\\/2021\\\/04\\\/SL-VyR-Foto-principal.jpg\",\"datePublished\":\"2021-04-02T02:55:25+00:00\",\"author\":{\"@id\":\"https:\\\/\\\/gentedebasquet.com.ar\\\/sitio\\\/#\\\/schema\\\/person\\\/ca0b63bbb977369988a7bbbdc519943a\"},\"breadcrumb\":{\"@id\":\"https:\\\/\\\/gentedebasquet.com.ar\\\/sitio\\\/2021\\\/04\\\/01\\\/el-naranja-arranco-en-una-ferrari\\\/#breadcrumb\"},\"inLanguage\":\"es\",\"potentialAction\":[{\"@type\":\"ReadAction\",\"target\":[\"https:\\\/\\\/gentedebasquet.com.ar\\\/sitio\\\/2021\\\/04\\\/01\\\/el-naranja-arranco-en-una-ferrari\\\/\"]}]},{\"@type\":\"ImageObject\",\"inLanguage\":\"es\",\"@id\":\"https:\\\/\\\/gentedebasquet.com.ar\\\/sitio\\\/2021\\\/04\\\/01\\\/el-naranja-arranco-en-una-ferrari\\\/#primaryimage\",\"url\":\"https:\\\/\\\/gentedebasquet.com.ar\\\/sitio\\\/wp-content\\\/uploads\\\/2021\\\/04\\\/SL-VyR-Foto-principal.jpg\",\"contentUrl\":\"https:\\\/\\\/gentedebasquet.com.ar\\\/sitio\\\/wp-content\\\/uploads\\\/2021\\\/04\\\/SL-VyR-Foto-principal.jpg\",\"width\":690,\"height\":319},{\"@type\":\"BreadcrumbList\",\"@id\":\"https:\\\/\\\/gentedebasquet.com.ar\\\/sitio\\\/2021\\\/04\\\/01\\\/el-naranja-arranco-en-una-ferrari\\\/#breadcrumb\",\"itemListElement\":[{\"@type\":\"ListItem\",\"position\":1,\"name\":\"Portada\",\"item\":\"https:\\\/\\\/gentedebasquet.com.ar\\\/sitio\\\/\"},{\"@type\":\"ListItem\",\"position\":2,\"name\":\"El naranja arranc\u00f3 en una Ferrari\"}]},{\"@type\":\"WebSite\",\"@id\":\"https:\\\/\\\/gentedebasquet.com.ar\\\/sitio\\\/#website\",\"url\":\"https:\\\/\\\/gentedebasquet.com.ar\\\/sitio\\\/\",\"name\":\"Gente de B\u00e1squet\",\"description\":\"La revista del basquet de Bah\u00eda Blanca\",\"potentialAction\":[{\"@type\":\"SearchAction\",\"target\":{\"@type\":\"EntryPoint\",\"urlTemplate\":\"https:\\\/\\\/gentedebasquet.com.ar\\\/sitio\\\/?s={search_term_string}\"},\"query-input\":{\"@type\":\"PropertyValueSpecification\",\"valueRequired\":true,\"valueName\":\"search_term_string\"}}],\"inLanguage\":\"es\"},{\"@type\":\"Person\",\"@id\":\"https:\\\/\\\/gentedebasquet.com.ar\\\/sitio\\\/#\\\/schema\\\/person\\\/ca0b63bbb977369988a7bbbdc519943a\",\"name\":\"Gente de B\u00e1squet\",\"image\":{\"@type\":\"ImageObject\",\"inLanguage\":\"es\",\"@id\":\"https:\\\/\\\/secure.gravatar.com\\\/avatar\\\/7f2c48bdc33b30088f941fb6082e555f2874c98e20cb159d7b92b50eadfce793?s=96&d=mm&r=g\",\"url\":\"https:\\\/\\\/secure.gravatar.com\\\/avatar\\\/7f2c48bdc33b30088f941fb6082e555f2874c98e20cb159d7b92b50eadfce793?s=96&d=mm&r=g\",\"contentUrl\":\"https:\\\/\\\/secure.gravatar.com\\\/avatar\\\/7f2c48bdc33b30088f941fb6082e555f2874c98e20cb159d7b92b50eadfce793?s=96&d=mm&r=g\",\"caption\":\"Gente de B\u00e1squet\"},\"sameAs\":[\"http:\\\/\\\/gentedebasquet.com.ar\\\/sitio\"],\"url\":\"https:\\\/\\\/gentedebasquet.com.ar\\\/sitio\\\/author\\\/ulises\\\/\"}]}<\/script>\n<!-- \/ Yoast SEO plugin. -->","yoast_head_json":{"title":"El naranja arranc\u00f3 en una Ferrari - Gente de B\u00e1squet","robots":{"index":"index","follow":"follow","max-snippet":"max-snippet:-1","max-image-preview":"max-image-preview:large","max-video-preview":"max-video-preview:-1"},"canonical":"https:\/\/gentedebasquet.com.ar\/sitio\/2021\/04\/01\/el-naranja-arranco-en-una-ferrari\/","og_locale":"es_ES","og_type":"article","og_title":"El naranja arranc\u00f3 en una Ferrari - Gente de B\u00e1squet","og_description":"Con 23 puntos de Franco, San Lorenzo inici\u00f3 el torneo con triunfo 69-58 ante Velocidad.","og_url":"https:\/\/gentedebasquet.com.ar\/sitio\/2021\/04\/01\/el-naranja-arranco-en-una-ferrari\/","og_site_name":"Gente de B\u00e1squet","article_published_time":"2021-04-02T02:55:25+00:00","og_image":[{"width":690,"height":319,"url":"https:\/\/gentedebasquet.com.ar\/sitio\/wp-content\/uploads\/2021\/04\/SL-VyR-Foto-principal.jpg","type":"image\/jpeg"}],"author":"Gente de B\u00e1squet","twitter_card":"summary_large_image","twitter_misc":{"Escrito por":"Gente de B\u00e1squet","Tiempo de lectura":"2 minutos"},"schema":{"@context":"https:\/\/schema.org","@graph":[{"@type":"Article","@id":"https:\/\/gentedebasquet.com.ar\/sitio\/2021\/04\/01\/el-naranja-arranco-en-una-ferrari\/#article","isPartOf":{"@id":"https:\/\/gentedebasquet.com.ar\/sitio\/2021\/04\/01\/el-naranja-arranco-en-una-ferrari\/"},"author":{"name":"Gente de B\u00e1squet","@id":"https:\/\/gentedebasquet.com.ar\/sitio\/#\/schema\/person\/ca0b63bbb977369988a7bbbdc519943a"},"headline":"El naranja arranc\u00f3 en una Ferrari","datePublished":"2021-04-02T02:55:25+00:00","mainEntityOfPage":{"@id":"https:\/\/gentedebasquet.com.ar\/sitio\/2021\/04\/01\/el-naranja-arranco-en-una-ferrari\/"},"wordCount":375,"image":{"@id":"https:\/\/gentedebasquet.com.ar\/sitio\/2021\/04\/01\/el-naranja-arranco-en-una-ferrari\/#primaryimage"},"thumbnailUrl":"https:\/\/gentedebasquet.com.ar\/sitio\/wp-content\/uploads\/2021\/04\/SL-VyR-Foto-principal.jpg","keywords":["Claudio Queti","Federico Biggi","Franco Ferrari","Gustavo Candia","Luciano Fortelli","Mart\u00edn Quevedo"],"articleSection":["Segunda","Slide"],"inLanguage":"es"},{"@type":"WebPage","@id":"https:\/\/gentedebasquet.com.ar\/sitio\/2021\/04\/01\/el-naranja-arranco-en-una-ferrari\/","url":"https:\/\/gentedebasquet.com.ar\/sitio\/2021\/04\/01\/el-naranja-arranco-en-una-ferrari\/","name":"El naranja arranc\u00f3 en una Ferrari - Gente de B\u00e1squet","isPartOf":{"@id":"https:\/\/gentedebasquet.com.ar\/sitio\/#website"},"primaryImageOfPage":{"@id":"https:\/\/gentedebasquet.com.ar\/sitio\/2021\/04\/01\/el-naranja-arranco-en-una-ferrari\/#primaryimage"},"image":{"@id":"https:\/\/gentedebasquet.com.ar\/sitio\/2021\/04\/01\/el-naranja-arranco-en-una-ferrari\/#primaryimage"},"thumbnailUrl":"https:\/\/gentedebasquet.com.ar\/sitio\/wp-content\/uploads\/2021\/04\/SL-VyR-Foto-principal.jpg","datePublished":"2021-04-02T02:55:25+00:00","author":{"@id":"https:\/\/gentedebasquet.com.ar\/sitio\/#\/schema\/person\/ca0b63bbb977369988a7bbbdc519943a"},"breadcrumb":{"@id":"https:\/\/gentedebasquet.com.ar\/sitio\/2021\/04\/01\/el-naranja-arranco-en-una-ferrari\/#breadcrumb"},"inLanguage":"es","potentialAction":[{"@type":"ReadAction","target":["https:\/\/gentedebasquet.com.ar\/sitio\/2021\/04\/01\/el-naranja-arranco-en-una-ferrari\/"]}]},{"@type":"ImageObject","inLanguage":"es","@id":"https:\/\/gentedebasquet.com.ar\/sitio\/2021\/04\/01\/el-naranja-arranco-en-una-ferrari\/#primaryimage","url":"https:\/\/gentedebasquet.com.ar\/sitio\/wp-content\/uploads\/2021\/04\/SL-VyR-Foto-principal.jpg","contentUrl":"https:\/\/gentedebasquet.com.ar\/sitio\/wp-content\/uploads\/2021\/04\/SL-VyR-Foto-principal.jpg","width":690,"height":319},{"@type":"BreadcrumbList","@id":"https:\/\/gentedebasquet.com.ar\/sitio\/2021\/04\/01\/el-naranja-arranco-en-una-ferrari\/#breadcrumb","itemListElement":[{"@type":"ListItem","position":1,"name":"Portada","item":"https:\/\/gentedebasquet.com.ar\/sitio\/"},{"@type":"ListItem","position":2,"name":"El naranja arranc\u00f3 en una Ferrari"}]},{"@type":"WebSite","@id":"https:\/\/gentedebasquet.com.ar\/sitio\/#website","url":"https:\/\/gentedebasquet.com.ar\/sitio\/","name":"Gente de B\u00e1squet","description":"La revista del basquet de Bah\u00eda Blanca","potentialAction":[{"@type":"SearchAction","target":{"@type":"EntryPoint","urlTemplate":"https:\/\/gentedebasquet.com.ar\/sitio\/?s={search_term_string}"},"query-input":{"@type":"PropertyValueSpecification","valueRequired":true,"valueName":"search_term_string"}}],"inLanguage":"es"},{"@type":"Person","@id":"https:\/\/gentedebasquet.com.ar\/sitio\/#\/schema\/person\/ca0b63bbb977369988a7bbbdc519943a","name":"Gente de B\u00e1squet","image":{"@type":"ImageObject","inLanguage":"es","@id":"https:\/\/secure.gravatar.com\/avatar\/7f2c48bdc33b30088f941fb6082e555f2874c98e20cb159d7b92b50eadfce793?s=96&d=mm&r=g","url":"https:\/\/secure.gravatar.com\/avatar\/7f2c48bdc33b30088f941fb6082e555f2874c98e20cb159d7b92b50eadfce793?s=96&d=mm&r=g","contentUrl":"https:\/\/secure.gravatar.com\/avatar\/7f2c48bdc33b30088f941fb6082e555f2874c98e20cb159d7b92b50eadfce793?s=96&d=mm&r=g","caption":"Gente de B\u00e1squet"},"sameAs":["http:\/\/gentedebasquet.com.ar\/sitio"],"url":"https:\/\/gentedebasquet.com.ar\/sitio\/author\/ulises\/"}]}},"_links":{"self":[{"href":"https:\/\/gentedebasquet.com.ar\/sitio\/wp-json\/wp\/v2\/posts\/99247","targetHints":{"allow":["GET"]}}],"collection":[{"href":"https:\/\/gentedebasquet.com.ar\/sitio\/wp-json\/wp\/v2\/posts"}],"about":[{"href":"https:\/\/gentedebasquet.com.ar\/sitio\/wp-json\/wp\/v2\/types\/post"}],"author":[{"embeddable":true,"href":"https:\/\/gentedebasquet.com.ar\/sitio\/wp-json\/wp\/v2\/users\/1"}],"replies":[{"embeddable":true,"href":"https:\/\/gentedebasquet.com.ar\/sitio\/wp-json\/wp\/v2\/comments?post=99247"}],"version-history":[{"count":0,"href":"https:\/\/gentedebasquet.com.ar\/sitio\/wp-json\/wp\/v2\/posts\/99247\/revisions"}],"wp:featuredmedia":[{"embeddable":true,"href":"https:\/\/gentedebasquet.com.ar\/sitio\/wp-json\/wp\/v2\/media\/99248"}],"wp:attachment":[{"href":"https:\/\/gentedebasquet.com.ar\/sitio\/wp-json\/wp\/v2\/media?parent=99247"}],"wp:term":[{"taxonomy":"category","embeddable":true,"href":"https:\/\/gentedebasquet.com.ar\/sitio\/wp-json\/wp\/v2\/categories?post=99247"},{"taxonomy":"post_tag","embeddable":true,"href":"https:\/\/gentedebasquet.com.ar\/sitio\/wp-json\/wp\/v2\/tags?post=99247"}],"curies":[{"name":"wp","href":"https:\/\/api.w.org\/{rel}","templated":true}]}}