{"id":99753,"date":"2021-07-20T10:47:55","date_gmt":"2021-07-20T13:47:55","guid":{"rendered":"http:\/\/www.gentedebasquet.com.ar\/?p=99753"},"modified":"2021-07-20T10:47:55","modified_gmt":"2021-07-20T13:47:55","slug":"el-manos-de-tijera-del-basquet","status":"publish","type":"post","link":"https:\/\/gentedebasquet.com.ar\/sitio\/2021\/07\/20\/el-manos-de-tijera-del-basquet\/","title":{"rendered":"El manos de tijera del b\u00e1squet"},"content":{"rendered":"<p><strong>Mauro Baes (30 a\u00f1os y 1m85) practic\u00f3 b\u00e1squetbol como gran parte de los bahienses. Se inici\u00f3 y permaneci\u00f3 por varios a\u00f1os en Olimpo, aunque nunca sobresali\u00f3. La vida lo fue llevando por distintos caminos, sin que se apagara jam\u00e1s su entusiasmo por este deporte. De hecho, en la actualidad, contin\u00faa despuntando el vicio como interno del equipo \u201cAy Dios m\u00edo\u201d, en la liga amateur. Lo cierto es que el destino le ten\u00eda preparada una enorme y grata sorpresa: iniciar\u00eda una pr\u00f3spera carrera vinculada a la peluquer\u00eda que tuvo el gui\u00f1o de muchos basquetbolistas locales, algo que le permiti\u00f3 mantenerse muy cerca de la anaranjada. Hace poco consigui\u00f3 inaugurar su propio local, \u00a0\u201cAr\u00edstides\u201d, donde predomina la tem\u00e1tica del b\u00e1squetbol. Lo m\u00e1s valioso all\u00ed es la camiseta \u201c14\u201d de Argentina encuadrada y correspondiente a Gabriel Deck: est\u00e1 firmada por todos los dirigidos por Oveja Hern\u00e1ndez. \u00bfC\u00f3mo la obtuvo? Pasen y ent\u00e9rense. La cuenta el propio estilista de selecci\u00f3n\u2026<\/strong><\/p>\n<p>Los sue\u00f1os est\u00e1n para cumplirlos.<\/p>\n<p>Y vaya si Mauro Baes pudo cristalizar el suyo: con apenas siete a\u00f1os dedicados a la profesi\u00f3n de peluquero, ya logr\u00f3 establecerse en el rubro, plantar su propio negocio y continuar ligado al b\u00e1squetbol.<\/p>\n<p>No hace falta ser un crack o un multicampe\u00f3n para tener un lugarcito en ese mundillo. Son varias las actividades que rodean al deporte de los cestos.<\/p>\n<p>Y Baes hall\u00f3 la suya plasmando arte en las cabezas ajenas.<\/p>\n<p>De hecho, se lleva la mejor parte, teniendo en cuenta que al momento de sentar a sus clientes en el sill\u00f3n los encuentra relajados y m\u00e1s predispuestos al di\u00e1logo, lo cual le permite estrujarlos al m\u00e1ximo en su inter\u00e9s por conocerlos m\u00e1s.<\/p>\n<p>Mauro seguramente no materializ\u00f3 lo que a\u00f1oraba dentro del rect\u00e1ngulo, pero si lo concret\u00f3 con la maquinita, las tijeras y la tintura en la mano.<\/p>\n<p>\u00bfHasta d\u00f3nde lleg\u00f3? Hasta atender al seleccionado mayor albiceleste. \u00bfQu\u00e9 tal?&#8230;<\/p>\n<p><a href=\"http:\/\/www.gentedebasquet.com.ar\/wp-content\/uploads\/2021\/07\/Baes9-1.jpg\"><img decoding=\"async\" class=\"alignnone size-medium wp-image-99755\" src=\"http:\/\/www.gentedebasquet.com.ar\/wp-content\/uploads\/2021\/07\/Baes9-1-300x225.jpg\" alt=\"\" width=\"300\" height=\"225\" srcset=\"https:\/\/gentedebasquet.com.ar\/sitio\/wp-content\/uploads\/2021\/07\/Baes9-1-300x225.jpg 300w, https:\/\/gentedebasquet.com.ar\/sitio\/wp-content\/uploads\/2021\/07\/Baes9-1.jpg 640w\" sizes=\"(max-width: 300px) 100vw, 300px\" \/><\/a><\/p>\n<p><strong>-Mauro, \u00bfcu\u00e1nto tiempo jugaste?<\/strong><\/p>\n<p>-Jugu\u00e9 desde chiquito en Olimpo hasta Cadetes, m\u00e1s o menos.\u00a0 Despu\u00e9s dej\u00e9 por dos a\u00f1os. Y volv\u00ed a jugar un a\u00f1o en Barracas (2009), m\u00e1s otro siendo segundo a\u00f1o de juvenil, en 2010, en Independiente. Y ah\u00ed ya termin\u00e9. En la primera del viola estaba Palumbo de DT y jugaba con Scarpaci, Pizzorno, Montanaro, una linda banda\u2026 Ahora juego en la liga amateur.<\/p>\n<p><strong>-\u00bfTe identificas con Olimpo?<\/strong><\/p>\n<p>-S\u00ed, porque nac\u00ed ah\u00ed. Mis hermanos jugaron ah\u00ed y mi viejo integr\u00f3 la comisi\u00f3n por varios a\u00f1os.<\/p>\n<p><strong>-\u00bfQui\u00e9nes estaban en tu camada del aurinegro?<\/strong><\/p>\n<p>-Soy del \u201991 y desde chiquito jugaba con Germ\u00e1n Ressia, hasta que se pas\u00f3 a Bahiense. Tambi\u00e9n estaba Mauro Mi\u00e9rez\u2026<\/p>\n<p><strong>-\u00a1Linda media cancha esa! Ve\u00edas pasar a la pelota\u2026 (Risas).<\/strong><\/p>\n<p>-\u00a1S\u00ed! (Risas). A Germ\u00e1n ahora me lo cruzo cada tanto en la liga amateur, vi que est\u00e1 jugando en un equipo. Ambos estamos en la liga que organizaba Uno Bah\u00eda Club y que ahora se juega en cancha de Independiente y La Falda. Estoy con un grupo de amigos que jugamos, pero sin entrenamientos, ni nada\u2026 Una vez por semana nos juntamos a joder y despu\u00e9s vamos a jugar.<\/p>\n<p><strong>-\u00bfC\u00f3mo se llama el equipo?<\/strong><\/p>\n<p>-Le pusimos \u201cAy Dios m\u00edo\u201d, en honor a Leo Montero. \u00a1Hay cada nombre en esa liga\u2026! Van tres fechas, en la primera tuvimos libre y despu\u00e9s ganamos uno y perdimos el otro. Hab\u00edamos jugado una fecha sola antes del par\u00e1te, pasaron tres meses y ahora se volvi\u00f3 la semana pasada.<\/p>\n<p><strong>-\u00bfCu\u00e1l es tu puesto?<\/strong><\/p>\n<p>-Ahora estoy jugando de \u201c5\u201d, de interno, porque soy el m\u00e1s alto del equipo. As\u00ed que no me qued\u00f3 otra que ir a fajarme con los grandotes de los otros equipos.<\/p>\n<p><strong>-\u00bfPero cu\u00e1nto med\u00eds?<\/strong><\/p>\n<p>-1m85.<\/p>\n<p><strong>-Claro, te qued\u00e1s corto\u2026<\/strong><\/p>\n<p>-\u00a1S\u00ed! Fij\u00e1te que el \u00faltimo partido ten\u00eda enfrente a uno de 2m00 y es dificil\u00edsimo\u2026<\/p>\n<p><a href=\"http:\/\/www.gentedebasquet.com.ar\/wp-content\/uploads\/2021\/06\/Gif-Publicidades-1.gif\"><img decoding=\"async\" class=\"alignnone size-full wp-image-99631\" src=\"http:\/\/www.gentedebasquet.com.ar\/wp-content\/uploads\/2021\/06\/Gif-Publicidades-1.gif\" alt=\"\" width=\"300\" height=\"250\" \/><\/a><\/p>\n<p>&nbsp;<\/p>\n<h4><strong>Ar\u00edstides lleg\u00f3 de Mendoza<\/strong><\/h4>\n<p><strong>-\u00bfMientras jugabas ya pensabas dedicarte a la peluquer\u00eda? \u00bfEstabas estudiando?<\/strong><\/p>\n<p>-No. Trabajaba en una f\u00e1brica de envases pl\u00e1sticos, nada que ver\u2026 Despu\u00e9s renunci\u00e9 ah\u00ed y estuve unos meses sin hacer nada, hasta que empec\u00e9 a estudiar peluquer\u00eda porque mi peluquero me insist\u00eda para que lo hiciera. La verdad, al principio no me gustaba. Pero de a poco fue cambiando, me empez\u00f3 a gustar cada vez m\u00e1s y arranqu\u00e9 trabajando en mi casa. A los dos-tres meses pude entrar como empleado de una peluquer\u00eda del centro.<\/p>\n<p><strong>-Ah\u00ed fue cuando te conocieron los basquetbolistas.<\/strong><\/p>\n<p>-S\u00ed, soy fan\u00e1tico del b\u00e1squet y empec\u00e9 a cortarles a chicos que jugaban. Fui conociendo m\u00e1s y m\u00e1s gente del ambiente y me entusiasm\u00e9.<\/p>\n<p><strong>-\u00bfCu\u00e1nto tiempo estuviste c\u00f3mo empleado?<\/strong><\/p>\n<p>-Ah\u00ed estuve cuatro-cinco a\u00f1os, hasta que me pude largar solo. Volv\u00ed a trabajar un a\u00f1o en mi casa y ahora hace poco que pude abrir mi propia peluquer\u00eda.<\/p>\n<p><strong>-\u00bfEs un lugar que pudiste diagramar a tu modo?<\/strong><\/p>\n<p>-Exacto. Estoy en Zelarray\u00e1n 1346. Antes era una despensa, lo reform\u00e9 todo y lo hice a mi gusto. Todos los meses le voy agregando algo nuevo y poni\u00e9ndole cositas del b\u00e1squet. Por ahora trabajo solo.<\/p>\n<p><strong>-\u00bfPor qu\u00e9 elegiste el nombre \u201cAr\u00edstides\u201d?<\/strong><\/p>\n<p>-Tengo a mi hermano viviendo y trabajando en Mendoza. All\u00e1 hay una calle, que es como la avenida Alem de ac\u00e1, que se llama Ar\u00edstides. Ah\u00ed est\u00e1n todas las cervecer\u00edas y restaurantes. Es preciosa. Y cada vez que viaj\u00e9 para all\u00e1, hicimos una recorrida y quedaba fascinado. Entonces, cuando empec\u00e9 a buscarle un nombre a mi peluquer\u00eda, despu\u00e9s de tantos meses de que no saliera nada, dije, \u201cya est\u00e1, vamos con \u2018Ar\u00edstides\u2019\u201d en honor a Mendoza. Es rara la historia, pero ahora ya estoy re identificado con ese nombre.<\/p>\n<p><a href=\"http:\/\/www.gentedebasquet.com.ar\/wp-content\/uploads\/2021\/06\/Gif-Publicidades-2.gif\"><img decoding=\"async\" class=\"alignnone size-large wp-image-99632\" src=\"http:\/\/www.gentedebasquet.com.ar\/wp-content\/uploads\/2021\/06\/Gif-Publicidades-2.gif\" alt=\"\" width=\"300\" height=\"250\" \/><\/a><\/p>\n<p>&nbsp;<\/p>\n<h4><strong>La cresta de la ola<\/strong><\/h4>\n<p><strong>-\u00bfC\u00f3mo se fue propagando tu nombre y profesi\u00f3n en el ambiente local del b\u00e1squetbol?<\/strong><\/p>\n<p>-Trabajando en esa peluquer\u00eda del centro, el primero que vino fue el Ruso Bettiga (ex Olimpo, hoy en Ferro). Pegamos buena onda, fue dos-tres veces m\u00e1s, nos sacamos una foto y la sub\u00ed al Instagram. De ah\u00ed, no me acuerdo qui\u00e9n, pero vino a cortarse alguien relacionado a \u00e9l. Sacamos otra foto, la sub\u00ed y, de a poquito, empezaron a ir otros. Despu\u00e9s aparecieron Nico Paletta, Rami Santiago y cada vez eran m\u00e1s\u2026 Comenz\u00f3 a moverse mucho cuando vino Fausto (Ruesga), despu\u00e9s de ganar las dos medallas ol\u00edmpicas\u2026<\/p>\n<p><strong>-\u00bfFue cuando protagoniz\u00f3 ese video que est\u00e1 en las redes?<\/strong><\/p>\n<p>-No, eso fue la primera vez que \u00e9l vino. Ese d\u00eda nos sacamos una foto y todo se movi\u00f3 m\u00e1s, porque pegamos una onda b\u00e1rbara con Fausto y se re prend\u00eda para hacer videos, fotos\u2026<\/p>\n<p><strong>-Y surgi\u00f3 de hacer un video de publicidad con \u00e9l.<\/strong><\/p>\n<p>-Claro. Tengo a mi cu\u00f1ado que trabaja con esos temas de filmaci\u00f3n y edici\u00f3n y le pregunt\u00e9 a Fausto si se prend\u00eda para hacer un video. Y se re prendi\u00f3, un genio. Hasta me hizo un regalito de unas zapatillas b\u00e1rbaras, que las tengo colgaditas en la pieza\u2026 \u00a1No me las puedo poner porque calza como 46! Sino las usar\u00eda para jugar\u2026 (risas).<\/p>\n<p><strong>-\u00a1Qu\u00e9 b\u00e1rbaro! Entonces los chicos te conocieron en el centro y ahora son fieles yendo a tu peluquer\u00eda propia.<\/strong><\/p>\n<p>-Exacto. Siempre siguieron viniendo, incluso cuando estaba trabajando en mi casa. Y, ahora, m\u00e1s todav\u00eda.<\/p>\n<p><strong>-\u00bfHay muchos que te pidan un platinado o solo fue La Bella?<\/strong><\/p>\n<p>-(Risas) Leo es un genio\u2026 Hab\u00eda venido con el pelo todo amarillo, no s\u00e9 si se hab\u00eda te\u00f1ido solo o con la hermana y, esa vez, lo atendi\u00f3 una compa\u00f1era m\u00eda.<\/p>\n<p><strong>-\u00bfLos cortes que se hacen los j\u00f3venes son todos m\u00e1s o menos parecidos?<\/strong><\/p>\n<p>-S\u00ed, son parecidos\u2026 El que no sabe, lo ve f\u00e1cil, pero no es f\u00e1cil\u2026 Cualquiera que est\u00e9 arrancando, le cuesta mucho hacer este tipo de trabajos. Hay que tener una experiencia. Yo llevo siete a\u00f1os y me salen con los ojos cerrados. Pero, en general, los trabajos son medianamente parecidos. Los cortes que se hac\u00edan cuando comenc\u00e9 a trabajar eran un poco diferentes y, ni hablar, los cortes de antes, casi ni se usaba la m\u00e1quina\u2026<\/p>\n<p><a href=\"http:\/\/www.gentedebasquet.com.ar\/wp-content\/uploads\/2021\/07\/Baes4.jpg\"><img decoding=\"async\" class=\"alignnone size-medium wp-image-99756\" src=\"http:\/\/www.gentedebasquet.com.ar\/wp-content\/uploads\/2021\/07\/Baes4-300x227.jpg\" alt=\"\" width=\"300\" height=\"227\" srcset=\"https:\/\/gentedebasquet.com.ar\/sitio\/wp-content\/uploads\/2021\/07\/Baes4-300x227.jpg 300w, https:\/\/gentedebasquet.com.ar\/sitio\/wp-content\/uploads\/2021\/07\/Baes4.jpg 634w\" sizes=\"(max-width: 300px) 100vw, 300px\" \/><\/a><\/p>\n<p><strong>-\u00bfQu\u00e9 corte est\u00e1 de moda actualmente?<\/strong><\/p>\n<p>-Ahora se hace un degrad\u00e9 abajo. En el basquetbolista se est\u00e1 usando much\u00edsimo la cresta. Cresta para todo\u2026 Basquetbolista que viene, el 90% se hace una cresta. Eso los identifica.<\/p>\n<p><strong>-\u00bfCon el rapado a los costados?<\/strong><\/p>\n<p>-Claro. Bien rapadito a los costados, dejar pelo en la parte de atr\u00e1s y arriba var\u00eda seg\u00fan los gustos: puede ser largo, corto, para el costado, parado, para atr\u00e1s\u2026<\/p>\n<p><strong>-\u00bfCu\u00e1nto tiempo te insume con cada cliente?<\/strong><\/p>\n<p>-Un promedio de media hora. Doy los turnos cada media hora y est\u00e1 bueno. Eso era algo que me desagradaba, un poco, cuando estaba en el centro. Porque ah\u00ed me ped\u00edan cortar en 15\/20 minutos y no pod\u00eda hablar nada con los clientes. Cada vez que llegaba alguno del b\u00e1squet, me quer\u00eda poner a charlar y le ten\u00eda que cortar r\u00e1pido\u2026 Para dentro m\u00edo, dec\u00eda: \u201cYa voy a tener mi propia peluquer\u00eda y me voy a dar el gusto de exprimirlos a todos\u201d (Risas).<\/p>\n<p><strong>-\u00bfAhora est\u00e1s con mucho laburo?<\/strong><\/p>\n<p>-S\u00ed, por suerte, estoy teniendo much\u00edsimo trabajo. La verdad que no me puedo quejar.<\/p>\n<p><a href=\"http:\/\/www.gentedebasquet.com.ar\/wp-content\/uploads\/2021\/06\/Gif-Publicidades-3.gif\"><img decoding=\"async\" class=\"alignnone size-large wp-image-99633\" src=\"http:\/\/www.gentedebasquet.com.ar\/wp-content\/uploads\/2021\/06\/Gif-Publicidades-3.gif\" alt=\"\" width=\"300\" height=\"250\" \/><\/a><\/p>\n<p>&nbsp;<\/p>\n<h4><strong>Un d\u00eda de ensue\u00f1o<\/strong><\/h4>\n<p><strong>-\u00bfExpl\u00edcame c\u00f3mo fue que en 2019 atendiste a los jugadores de la selecci\u00f3n argentina?<\/strong><\/p>\n<p>-Eso, para m\u00ed, fue una locura impensada\u2026<\/p>\n<p><strong>-\u00a1Me imagino!<\/strong><\/p>\n<p>-Fue as\u00ed: le escrib\u00ed un mensaje privado a Pato Garino, por Instagram. De caradura, ofreci\u00e9ndome para ir a cortarles el pelo\u00a0 cuando lleguen ac\u00e1 a Bah\u00eda Blanca.<\/p>\n<p><strong>-\u00a1Fue en la previa al Mundial de China, cuando hicieron la puesta a punto en el Dow Center!<\/strong><\/p>\n<p>-Exacto.<\/p>\n<p><strong>-\u00bfPero lo conoc\u00edas a Garino de alguna parte?<\/strong><\/p>\n<p>-No\u2026 No ten\u00edamos contacto de nada\u2026 Tuve la suerte de que leyera el mensaje y justo necesitaban un peluquero. Entonces me contact\u00f3 el jefe de equipo, creo, coordinamos y al otro d\u00eda agarr\u00e9 la valijita y sal\u00ed para el Dow. La experiencia de estar ah\u00ed, con los jugadores, fue una locura, no lo pod\u00eda creer\u2026<\/p>\n<p><a href=\"http:\/\/www.gentedebasquet.com.ar\/wp-content\/uploads\/2021\/07\/Baes6.jpg\"><img decoding=\"async\" class=\"alignnone size-medium wp-image-99757\" src=\"http:\/\/www.gentedebasquet.com.ar\/wp-content\/uploads\/2021\/07\/Baes6-300x225.jpg\" alt=\"\" width=\"300\" height=\"225\" srcset=\"https:\/\/gentedebasquet.com.ar\/sitio\/wp-content\/uploads\/2021\/07\/Baes6-300x225.jpg 300w, https:\/\/gentedebasquet.com.ar\/sitio\/wp-content\/uploads\/2021\/07\/Baes6.jpg 640w\" sizes=\"(max-width: 300px) 100vw, 300px\" \/><\/a><\/p>\n<p><strong>-\u00bfLe cortaste a todos en el mismo d\u00eda o volviste a ir?<\/strong><\/p>\n<p>-S\u00ed, ese d\u00eda le cort\u00e9 a diez jugadores. Estuve de corrido de las 12 del mediod\u00eda hasta las 8 de la noche. Y lo hice de onda, no necesitaba la plata\u2026 Con estar ah\u00ed, viviendo ese momento, ya estaba para m\u00ed. Me conformaba con conocer a los jugadores. Y, encima, me permitieron sacarme fotos con todos, lo cual despu\u00e9s me sirvi\u00f3 de gran publicidad\u2026<\/p>\n<p><strong>-Vi que te obsequiaron una camiseta autografiada.<\/strong><\/p>\n<p>-\u00a1S\u00ed! Tengo la camiseta firmada por ellos y colgada en la pelu. Despu\u00e9s de eso, mi Instagram comenz\u00f3 a subir un mont\u00f3n y empez\u00f3 a crecer mucho m\u00e1s la clientela del b\u00e1squet. Llegar a eso significa que no ten\u00e9s m\u00e1s nada para arriba.<\/p>\n<p><strong>-Es cierto, para los enfermitos del b\u00e1squet como nosotros es lo m\u00e1ximo.<\/strong><\/p>\n<p>-Tal cual. No es que fue una foto y nada m\u00e1s\u2026 \u00a1Estuve media hora con cada uno!<\/p>\n<p><strong>-\u00a1Tuviste suerte que no te temblaron las manos! (Risas)<\/strong><\/p>\n<p>-(Risas) Para el primer corte el que se me sienta es (Agust\u00edn) Caffaro. Y tenerlos a todos los chicos ah\u00ed, viendo c\u00f3mo le cortaba, no lo pod\u00eda creer\u2026 As\u00ed que en ese primer corte estaba muy nervioso. Despu\u00e9s ya me solt\u00e9 y ellos me ayudaron a soltarme charlando, tomando mate, agua\u2026 Estaba feliz. No me quer\u00eda ir m\u00e1s.<\/p>\n<p><strong>-\u00bfTe qued\u00f3 alguna an\u00e9cdota con Scola o Campazzo?<\/strong><\/p>\n<p>-Habl\u00e9 mucho con Deck, me cont\u00f3 de su familia\u2026 Quer\u00eda salir un poco del b\u00e1squet para no parecer tan cholulo. As\u00ed que con casi todos hablamos de otros temas fuera del b\u00e1squet, de sus pueblos, de c\u00f3mo eran sus vidas\u2026 Campazzo es un genio total. Me hizo re\u00edr las ocho horas que estuve ah\u00ed.<\/p>\n<p><strong>-\u00a1Un personaje!<\/strong><\/p>\n<p>-S\u00ed, tal cual. Estuvo molestando a todos los que se cortaban\u2026<\/p>\n<p><strong>-\u00bfCon Scola profundizaste la charla?<\/strong><\/p>\n<p>-Luis tiene muy buena onda, pero es m\u00e1s reservado. Le mand\u00e9 saludos de mi mam\u00e1, que es re fan\u00e1tica de \u00e9l y se los devolvi\u00f3. Tambi\u00e9n me dej\u00f3 sacarnos una foto, que le filmara el corte\u2026 Son recuerditos que me quedan en la computadora.<\/p>\n<p><a href=\"http:\/\/www.gentedebasquet.com.ar\/wp-content\/uploads\/2021\/07\/Baes7.jpg\"><img decoding=\"async\" class=\"alignnone size-medium wp-image-99758\" src=\"http:\/\/www.gentedebasquet.com.ar\/wp-content\/uploads\/2021\/07\/Baes7-300x225.jpg\" alt=\"\" width=\"300\" height=\"225\" srcset=\"https:\/\/gentedebasquet.com.ar\/sitio\/wp-content\/uploads\/2021\/07\/Baes7-300x225.jpg 300w, https:\/\/gentedebasquet.com.ar\/sitio\/wp-content\/uploads\/2021\/07\/Baes7.jpg 640w\" sizes=\"(max-width: 300px) 100vw, 300px\" \/><\/a><\/p>\n<p><strong>-\u00a1Estar\u00edas como loco!<\/strong><\/p>\n<p>-\u00a1S\u00ed! Cuando sal\u00ed de ah\u00ed quer\u00eda contarle a todo el mundo lo que hab\u00eda vivido. No me entraba tanta felicidad.<\/p>\n<p><strong>-\u00bfLa camiseta firmada es la de Deck?<\/strong><\/p>\n<p>-S\u00ed, la \u201c14\u201d de Tortuga. Ellos, despu\u00e9s de Bah\u00eda, se van a jugar a Per\u00fa (Panamericanos) y salen campeones luciendo mi corte de pelo. No lo pod\u00eda creer estar vi\u00e9ndolos en la pantalla\u2026 \u00a1Y encima que salgan campeones! Una locura. Despu\u00e9s fueron subcampeones mundiales.<\/p>\n<p><strong>-A partir de esa vivencia \u00fanica, te aument\u00f3 la clientela.<\/strong><\/p>\n<p>-Tal cual. A la semana empez\u00f3 a escribirme mucha gente y, ahora, todas las semanas, siempre tengo dos-tres mensajes nuevos de jugadores de b\u00e1squet que, por ah\u00ed, para ellos es la primera vez que me ven, pero ya los tengo vistos. Al que le gusta el b\u00e1squet, les sabe las estad\u00edsticas, el nombre y apellido\u2026<\/p>\n<p>&nbsp;<\/p>\n<h4><strong>Falta la aurinegra<\/strong><\/h4>\n<p><strong>-\u00bfQu\u00e9 otras cosas del b\u00e1squet exhib\u00eds en el local?<\/strong><\/p>\n<p>-Tengo unas chapitas que van colgadas en la pared. Hay de Jordan, de Pippen, tengo una que me regal\u00f3 un amigo que es de la NBA tambi\u00e9n. Todos los meses le voy sumando alguna chapita nueva de b\u00e1squet. Tambi\u00e9n tengo una camiseta de la selecci\u00f3n de Bah\u00eda, con la imagen de los tres campeones ol\u00edmpicos, que me regal\u00f3 Nachito Gonz\u00e1lez.<\/p>\n<p><strong>-Dentro de lo que es el b\u00e1squetbol, \u00bfQu\u00e9 sue\u00f1o te queda?<\/strong><\/p>\n<p>-La verdad, el sue\u00f1o m\u00e1ximo era llegar a la Selecci\u00f3n. Nunca lo imagin\u00e9, no pensaba que me iba a pasar\u2026 Haber cumplido el sue\u00f1o con apenas cinco a\u00f1os de que era peluquero, no lo puedo creer\u2026 Ahora sue\u00f1o con que sigan viniendo todos los chicos del b\u00e1squet de Bah\u00eda. Eso es hermoso. Hablar todos los d\u00edas con 3-4 clientes del b\u00e1squetbol, ya me llena.<\/p>\n<p><a href=\"http:\/\/www.gentedebasquet.com.ar\/wp-content\/uploads\/2021\/06\/Gif-Publicidades-4.gif\"><img decoding=\"async\" class=\"alignnone size-large wp-image-99634\" src=\"http:\/\/www.gentedebasquet.com.ar\/wp-content\/uploads\/2021\/06\/Gif-Publicidades-4.gif\" alt=\"\" width=\"300\" height=\"250\" \/><\/a><\/p>\n<p><strong>-\u00bfEs cierto que cuando Olimpo presente su nueva camiseta estar\u00e1s cortando en el mism\u00edsimo Norberto Tom\u00e1s?<\/strong><\/p>\n<p>-\u00a1S\u00ed! Es la idea. Algo de eso est\u00e1 hablado y a m\u00ed me encantar\u00eda. Ya lo charlamos con Ema Solomon, Marce Mi\u00e9rez y el Oso Santini. A ver si ligo alguna camiseta de Olimpo, que me hace falta ac\u00e1 en el pelu.<\/p>\n<p><strong>-\u00a1Igual, vi que ten\u00e9s gente de Villa Mitre que asiste tambi\u00e9n!<\/strong><\/p>\n<p>-S\u00ed, vino un tiempo Janito (Mart\u00ednez), Fran Amigo, Rami Santiago\u2026 Yo no tengo problema. No soy fan\u00e1tico tampoco\u2026<\/p>\n<p>Mauro Baes es el peluquero del b\u00e1squetbol. Y le va al pelo.<\/p>\n<p>&nbsp;<\/p>\n","protected":false},"excerpt":{"rendered":"<p>Mauro Baes, el peluquero que combina la pasi\u00f3n por su profesi\u00f3n y por este deporte.<\/p>\n","protected":false},"author":1,"featured_media":99754,"comment_status":"closed","ping_status":"open","sticky":false,"template":"","format":"standard","meta":{"jnews-multi-image_gallery":[],"jnews_single_post":[],"jnews_primary_category":[],"footnotes":""},"categories":[24,493,101],"tags":[1528,6,763,1839,1098,12,294,16,1337],"class_list":["post-99753","post","type-post","status-publish","format-standard","has-post-thumbnail","hentry","category-overtime","category-especiales","category-slide","tag-agustin-caffaro","tag-barracas-central","tag-facundo-campazzo","tag-gabriel-deck","tag-ignacio-gonzalez","tag-independiente","tag-luis-scola","tag-olimpo","tag-patricio-garino"],"yoast_head":"<!-- This site is optimized with the Yoast SEO plugin v27.5 - https:\/\/yoast.com\/product\/yoast-seo-wordpress\/ -->\n<title>El manos de tijera del b\u00e1squet - Gente de B\u00e1squet<\/title>\n<meta name=\"robots\" content=\"index, follow, max-snippet:-1, max-image-preview:large, max-video-preview:-1\" \/>\n<link rel=\"canonical\" href=\"http:\/\/gentedebasquet.com.ar\/sitio\/2021\/07\/20\/el-manos-de-tijera-del-basquet\/\" \/>\n<meta property=\"og:locale\" content=\"es_ES\" \/>\n<meta property=\"og:type\" content=\"article\" \/>\n<meta property=\"og:title\" content=\"El manos de tijera del b\u00e1squet - Gente de B\u00e1squet\" \/>\n<meta property=\"og:description\" content=\"Mauro Baes, el peluquero que combina la pasi\u00f3n por su profesi\u00f3n y por este deporte.\" \/>\n<meta property=\"og:url\" content=\"http:\/\/gentedebasquet.com.ar\/sitio\/2021\/07\/20\/el-manos-de-tijera-del-basquet\/\" \/>\n<meta property=\"og:site_name\" content=\"Gente de B\u00e1squet\" \/>\n<meta property=\"article:published_time\" content=\"2021-07-20T13:47:55+00:00\" \/>\n<meta property=\"og:image\" content=\"http:\/\/gentedebasquet.com.ar\/sitio\/wp-content\/uploads\/2021\/07\/Baes8.jpg\" \/>\n\t<meta property=\"og:image:width\" content=\"690\" \/>\n\t<meta property=\"og:image:height\" content=\"400\" \/>\n\t<meta property=\"og:image:type\" content=\"image\/jpeg\" \/>\n<meta name=\"author\" content=\"Gente de B\u00e1squet\" \/>\n<meta name=\"twitter:card\" content=\"summary_large_image\" \/>\n<meta name=\"twitter:label1\" content=\"Escrito por\" \/>\n\t<meta name=\"twitter:data1\" content=\"Gente de B\u00e1squet\" \/>\n\t<meta name=\"twitter:label2\" content=\"Tiempo de lectura\" \/>\n\t<meta name=\"twitter:data2\" content=\"13 minutos\" \/>\n<script type=\"application\/ld+json\" class=\"yoast-schema-graph\">{\"@context\":\"https:\\\/\\\/schema.org\",\"@graph\":[{\"@type\":\"Article\",\"@id\":\"http:\\\/\\\/gentedebasquet.com.ar\\\/sitio\\\/2021\\\/07\\\/20\\\/el-manos-de-tijera-del-basquet\\\/#article\",\"isPartOf\":{\"@id\":\"http:\\\/\\\/gentedebasquet.com.ar\\\/sitio\\\/2021\\\/07\\\/20\\\/el-manos-de-tijera-del-basquet\\\/\"},\"author\":{\"name\":\"Gente de B\u00e1squet\",\"@id\":\"https:\\\/\\\/gentedebasquet.com.ar\\\/sitio\\\/#\\\/schema\\\/person\\\/ca0b63bbb977369988a7bbbdc519943a\"},\"headline\":\"El manos de tijera del b\u00e1squet\",\"datePublished\":\"2021-07-20T13:47:55+00:00\",\"mainEntityOfPage\":{\"@id\":\"http:\\\/\\\/gentedebasquet.com.ar\\\/sitio\\\/2021\\\/07\\\/20\\\/el-manos-de-tijera-del-basquet\\\/\"},\"wordCount\":2614,\"image\":{\"@id\":\"http:\\\/\\\/gentedebasquet.com.ar\\\/sitio\\\/2021\\\/07\\\/20\\\/el-manos-de-tijera-del-basquet\\\/#primaryimage\"},\"thumbnailUrl\":\"https:\\\/\\\/gentedebasquet.com.ar\\\/sitio\\\/wp-content\\\/uploads\\\/2021\\\/07\\\/Baes8.jpg\",\"keywords\":[\"Agust\u00edn Caffaro\",\"Barracas Central\",\"Facundo Campazzo\",\"Gabriel Deck\",\"Ignacio gonzalez\",\"independiente\",\"Luis Scola\",\"Ol\u00edmpo\",\"Patricio Garino\"],\"articleSection\":[\"#Overtime\",\"Especiales\",\"Slide\"],\"inLanguage\":\"es\"},{\"@type\":\"WebPage\",\"@id\":\"http:\\\/\\\/gentedebasquet.com.ar\\\/sitio\\\/2021\\\/07\\\/20\\\/el-manos-de-tijera-del-basquet\\\/\",\"url\":\"http:\\\/\\\/gentedebasquet.com.ar\\\/sitio\\\/2021\\\/07\\\/20\\\/el-manos-de-tijera-del-basquet\\\/\",\"name\":\"El manos de tijera del b\u00e1squet - Gente de B\u00e1squet\",\"isPartOf\":{\"@id\":\"https:\\\/\\\/gentedebasquet.com.ar\\\/sitio\\\/#website\"},\"primaryImageOfPage\":{\"@id\":\"http:\\\/\\\/gentedebasquet.com.ar\\\/sitio\\\/2021\\\/07\\\/20\\\/el-manos-de-tijera-del-basquet\\\/#primaryimage\"},\"image\":{\"@id\":\"http:\\\/\\\/gentedebasquet.com.ar\\\/sitio\\\/2021\\\/07\\\/20\\\/el-manos-de-tijera-del-basquet\\\/#primaryimage\"},\"thumbnailUrl\":\"https:\\\/\\\/gentedebasquet.com.ar\\\/sitio\\\/wp-content\\\/uploads\\\/2021\\\/07\\\/Baes8.jpg\",\"datePublished\":\"2021-07-20T13:47:55+00:00\",\"author\":{\"@id\":\"https:\\\/\\\/gentedebasquet.com.ar\\\/sitio\\\/#\\\/schema\\\/person\\\/ca0b63bbb977369988a7bbbdc519943a\"},\"breadcrumb\":{\"@id\":\"http:\\\/\\\/gentedebasquet.com.ar\\\/sitio\\\/2021\\\/07\\\/20\\\/el-manos-de-tijera-del-basquet\\\/#breadcrumb\"},\"inLanguage\":\"es\",\"potentialAction\":[{\"@type\":\"ReadAction\",\"target\":[\"http:\\\/\\\/gentedebasquet.com.ar\\\/sitio\\\/2021\\\/07\\\/20\\\/el-manos-de-tijera-del-basquet\\\/\"]}]},{\"@type\":\"ImageObject\",\"inLanguage\":\"es\",\"@id\":\"http:\\\/\\\/gentedebasquet.com.ar\\\/sitio\\\/2021\\\/07\\\/20\\\/el-manos-de-tijera-del-basquet\\\/#primaryimage\",\"url\":\"https:\\\/\\\/gentedebasquet.com.ar\\\/sitio\\\/wp-content\\\/uploads\\\/2021\\\/07\\\/Baes8.jpg\",\"contentUrl\":\"https:\\\/\\\/gentedebasquet.com.ar\\\/sitio\\\/wp-content\\\/uploads\\\/2021\\\/07\\\/Baes8.jpg\",\"width\":690,\"height\":400},{\"@type\":\"BreadcrumbList\",\"@id\":\"http:\\\/\\\/gentedebasquet.com.ar\\\/sitio\\\/2021\\\/07\\\/20\\\/el-manos-de-tijera-del-basquet\\\/#breadcrumb\",\"itemListElement\":[{\"@type\":\"ListItem\",\"position\":1,\"name\":\"Portada\",\"item\":\"https:\\\/\\\/gentedebasquet.com.ar\\\/sitio\\\/\"},{\"@type\":\"ListItem\",\"position\":2,\"name\":\"El manos de tijera del b\u00e1squet\"}]},{\"@type\":\"WebSite\",\"@id\":\"https:\\\/\\\/gentedebasquet.com.ar\\\/sitio\\\/#website\",\"url\":\"https:\\\/\\\/gentedebasquet.com.ar\\\/sitio\\\/\",\"name\":\"Gente de B\u00e1squet\",\"description\":\"La revista del basquet de Bah\u00eda Blanca\",\"potentialAction\":[{\"@type\":\"SearchAction\",\"target\":{\"@type\":\"EntryPoint\",\"urlTemplate\":\"https:\\\/\\\/gentedebasquet.com.ar\\\/sitio\\\/?s={search_term_string}\"},\"query-input\":{\"@type\":\"PropertyValueSpecification\",\"valueRequired\":true,\"valueName\":\"search_term_string\"}}],\"inLanguage\":\"es\"},{\"@type\":\"Person\",\"@id\":\"https:\\\/\\\/gentedebasquet.com.ar\\\/sitio\\\/#\\\/schema\\\/person\\\/ca0b63bbb977369988a7bbbdc519943a\",\"name\":\"Gente de B\u00e1squet\",\"image\":{\"@type\":\"ImageObject\",\"inLanguage\":\"es\",\"@id\":\"https:\\\/\\\/secure.gravatar.com\\\/avatar\\\/7f2c48bdc33b30088f941fb6082e555f2874c98e20cb159d7b92b50eadfce793?s=96&d=mm&r=g\",\"url\":\"https:\\\/\\\/secure.gravatar.com\\\/avatar\\\/7f2c48bdc33b30088f941fb6082e555f2874c98e20cb159d7b92b50eadfce793?s=96&d=mm&r=g\",\"contentUrl\":\"https:\\\/\\\/secure.gravatar.com\\\/avatar\\\/7f2c48bdc33b30088f941fb6082e555f2874c98e20cb159d7b92b50eadfce793?s=96&d=mm&r=g\",\"caption\":\"Gente de B\u00e1squet\"},\"sameAs\":[\"http:\\\/\\\/gentedebasquet.com.ar\\\/sitio\"],\"url\":\"https:\\\/\\\/gentedebasquet.com.ar\\\/sitio\\\/author\\\/ulises\\\/\"}]}<\/script>\n<!-- \/ Yoast SEO plugin. -->","yoast_head_json":{"title":"El manos de tijera del b\u00e1squet - Gente de B\u00e1squet","robots":{"index":"index","follow":"follow","max-snippet":"max-snippet:-1","max-image-preview":"max-image-preview:large","max-video-preview":"max-video-preview:-1"},"canonical":"http:\/\/gentedebasquet.com.ar\/sitio\/2021\/07\/20\/el-manos-de-tijera-del-basquet\/","og_locale":"es_ES","og_type":"article","og_title":"El manos de tijera del b\u00e1squet - Gente de B\u00e1squet","og_description":"Mauro Baes, el peluquero que combina la pasi\u00f3n por su profesi\u00f3n y por este deporte.","og_url":"http:\/\/gentedebasquet.com.ar\/sitio\/2021\/07\/20\/el-manos-de-tijera-del-basquet\/","og_site_name":"Gente de B\u00e1squet","article_published_time":"2021-07-20T13:47:55+00:00","og_image":[{"width":690,"height":400,"url":"http:\/\/gentedebasquet.com.ar\/sitio\/wp-content\/uploads\/2021\/07\/Baes8.jpg","type":"image\/jpeg"}],"author":"Gente de B\u00e1squet","twitter_card":"summary_large_image","twitter_misc":{"Escrito por":"Gente de B\u00e1squet","Tiempo de lectura":"13 minutos"},"schema":{"@context":"https:\/\/schema.org","@graph":[{"@type":"Article","@id":"http:\/\/gentedebasquet.com.ar\/sitio\/2021\/07\/20\/el-manos-de-tijera-del-basquet\/#article","isPartOf":{"@id":"http:\/\/gentedebasquet.com.ar\/sitio\/2021\/07\/20\/el-manos-de-tijera-del-basquet\/"},"author":{"name":"Gente de B\u00e1squet","@id":"https:\/\/gentedebasquet.com.ar\/sitio\/#\/schema\/person\/ca0b63bbb977369988a7bbbdc519943a"},"headline":"El manos de tijera del b\u00e1squet","datePublished":"2021-07-20T13:47:55+00:00","mainEntityOfPage":{"@id":"http:\/\/gentedebasquet.com.ar\/sitio\/2021\/07\/20\/el-manos-de-tijera-del-basquet\/"},"wordCount":2614,"image":{"@id":"http:\/\/gentedebasquet.com.ar\/sitio\/2021\/07\/20\/el-manos-de-tijera-del-basquet\/#primaryimage"},"thumbnailUrl":"https:\/\/gentedebasquet.com.ar\/sitio\/wp-content\/uploads\/2021\/07\/Baes8.jpg","keywords":["Agust\u00edn Caffaro","Barracas Central","Facundo Campazzo","Gabriel Deck","Ignacio gonzalez","independiente","Luis Scola","Ol\u00edmpo","Patricio Garino"],"articleSection":["#Overtime","Especiales","Slide"],"inLanguage":"es"},{"@type":"WebPage","@id":"http:\/\/gentedebasquet.com.ar\/sitio\/2021\/07\/20\/el-manos-de-tijera-del-basquet\/","url":"http:\/\/gentedebasquet.com.ar\/sitio\/2021\/07\/20\/el-manos-de-tijera-del-basquet\/","name":"El manos de tijera del b\u00e1squet - Gente de B\u00e1squet","isPartOf":{"@id":"https:\/\/gentedebasquet.com.ar\/sitio\/#website"},"primaryImageOfPage":{"@id":"http:\/\/gentedebasquet.com.ar\/sitio\/2021\/07\/20\/el-manos-de-tijera-del-basquet\/#primaryimage"},"image":{"@id":"http:\/\/gentedebasquet.com.ar\/sitio\/2021\/07\/20\/el-manos-de-tijera-del-basquet\/#primaryimage"},"thumbnailUrl":"https:\/\/gentedebasquet.com.ar\/sitio\/wp-content\/uploads\/2021\/07\/Baes8.jpg","datePublished":"2021-07-20T13:47:55+00:00","author":{"@id":"https:\/\/gentedebasquet.com.ar\/sitio\/#\/schema\/person\/ca0b63bbb977369988a7bbbdc519943a"},"breadcrumb":{"@id":"http:\/\/gentedebasquet.com.ar\/sitio\/2021\/07\/20\/el-manos-de-tijera-del-basquet\/#breadcrumb"},"inLanguage":"es","potentialAction":[{"@type":"ReadAction","target":["http:\/\/gentedebasquet.com.ar\/sitio\/2021\/07\/20\/el-manos-de-tijera-del-basquet\/"]}]},{"@type":"ImageObject","inLanguage":"es","@id":"http:\/\/gentedebasquet.com.ar\/sitio\/2021\/07\/20\/el-manos-de-tijera-del-basquet\/#primaryimage","url":"https:\/\/gentedebasquet.com.ar\/sitio\/wp-content\/uploads\/2021\/07\/Baes8.jpg","contentUrl":"https:\/\/gentedebasquet.com.ar\/sitio\/wp-content\/uploads\/2021\/07\/Baes8.jpg","width":690,"height":400},{"@type":"BreadcrumbList","@id":"http:\/\/gentedebasquet.com.ar\/sitio\/2021\/07\/20\/el-manos-de-tijera-del-basquet\/#breadcrumb","itemListElement":[{"@type":"ListItem","position":1,"name":"Portada","item":"https:\/\/gentedebasquet.com.ar\/sitio\/"},{"@type":"ListItem","position":2,"name":"El manos de tijera del b\u00e1squet"}]},{"@type":"WebSite","@id":"https:\/\/gentedebasquet.com.ar\/sitio\/#website","url":"https:\/\/gentedebasquet.com.ar\/sitio\/","name":"Gente de B\u00e1squet","description":"La revista del basquet de Bah\u00eda Blanca","potentialAction":[{"@type":"SearchAction","target":{"@type":"EntryPoint","urlTemplate":"https:\/\/gentedebasquet.com.ar\/sitio\/?s={search_term_string}"},"query-input":{"@type":"PropertyValueSpecification","valueRequired":true,"valueName":"search_term_string"}}],"inLanguage":"es"},{"@type":"Person","@id":"https:\/\/gentedebasquet.com.ar\/sitio\/#\/schema\/person\/ca0b63bbb977369988a7bbbdc519943a","name":"Gente de B\u00e1squet","image":{"@type":"ImageObject","inLanguage":"es","@id":"https:\/\/secure.gravatar.com\/avatar\/7f2c48bdc33b30088f941fb6082e555f2874c98e20cb159d7b92b50eadfce793?s=96&d=mm&r=g","url":"https:\/\/secure.gravatar.com\/avatar\/7f2c48bdc33b30088f941fb6082e555f2874c98e20cb159d7b92b50eadfce793?s=96&d=mm&r=g","contentUrl":"https:\/\/secure.gravatar.com\/avatar\/7f2c48bdc33b30088f941fb6082e555f2874c98e20cb159d7b92b50eadfce793?s=96&d=mm&r=g","caption":"Gente de B\u00e1squet"},"sameAs":["http:\/\/gentedebasquet.com.ar\/sitio"],"url":"https:\/\/gentedebasquet.com.ar\/sitio\/author\/ulises\/"}]}},"_links":{"self":[{"href":"https:\/\/gentedebasquet.com.ar\/sitio\/wp-json\/wp\/v2\/posts\/99753","targetHints":{"allow":["GET"]}}],"collection":[{"href":"https:\/\/gentedebasquet.com.ar\/sitio\/wp-json\/wp\/v2\/posts"}],"about":[{"href":"https:\/\/gentedebasquet.com.ar\/sitio\/wp-json\/wp\/v2\/types\/post"}],"author":[{"embeddable":true,"href":"https:\/\/gentedebasquet.com.ar\/sitio\/wp-json\/wp\/v2\/users\/1"}],"replies":[{"embeddable":true,"href":"https:\/\/gentedebasquet.com.ar\/sitio\/wp-json\/wp\/v2\/comments?post=99753"}],"version-history":[{"count":0,"href":"https:\/\/gentedebasquet.com.ar\/sitio\/wp-json\/wp\/v2\/posts\/99753\/revisions"}],"wp:featuredmedia":[{"embeddable":true,"href":"https:\/\/gentedebasquet.com.ar\/sitio\/wp-json\/wp\/v2\/media\/99754"}],"wp:attachment":[{"href":"https:\/\/gentedebasquet.com.ar\/sitio\/wp-json\/wp\/v2\/media?parent=99753"}],"wp:term":[{"taxonomy":"category","embeddable":true,"href":"https:\/\/gentedebasquet.com.ar\/sitio\/wp-json\/wp\/v2\/categories?post=99753"},{"taxonomy":"post_tag","embeddable":true,"href":"https:\/\/gentedebasquet.com.ar\/sitio\/wp-json\/wp\/v2\/tags?post=99753"}],"curies":[{"name":"wp","href":"https:\/\/api.w.org\/{rel}","templated":true}]}}